{"id":1797,"date":"2016-04-26T12:30:47","date_gmt":"2016-04-26T10:30:47","guid":{"rendered":"http:\/\/www.padrekino.org\/?p=1797"},"modified":"2016-06-30T14:07:58","modified_gmt":"2016-06-30T12:07:58","slug":"il-veste-nera","status":"publish","type":"post","link":"http:\/\/www.padrekino.org\/de\/il-veste-nera\/","title":{"rendered":"Die schwarze Robe, ein neues Lied f\u00fcr Padre Kino"},"content":{"rendered":"<p><\/p>\n<p style=\"text-align: justify;\">Unsere Gl\u00fcckw\u00fcnsche und Anerkennung gehen zu Ray Siviri\u00e1n Musiker, Autor dieses sch\u00f6ne Lied zu seinem Helden gewidmet, Vater Kino. Ray hat uns autorisiert es auf unserer Website zu ver\u00f6ffentlichen !!<\/p>\n<p>Vielen Dank Ray<\/p>\n<hr \/>\n<p><a href=\"http:\/\/www.padrekino.org\/wp-content\/uploads\/2016\/04\/ray.jpg\"><img loading=\"lazy\" class=\"size-medium wp-image-1808 alignleft\" src=\"http:\/\/www.padrekino.org\/wp-content\/uploads\/2016\/04\/ray-300x169.jpg\" alt=\"ray\" width=\"300\" height=\"169\" srcset=\"http:\/\/www.padrekino.org\/wp-content\/uploads\/2016\/04\/ray-300x169.jpg 300w, http:\/\/www.padrekino.org\/wp-content\/uploads\/2016\/04\/ray.jpg 320w\" sizes=\"(max-width: 300px) 100vw, 300px\" \/><\/a><\/p>\n<p style=\"text-align: justify;\">Hallo, ich hoffe zu Gott, sie sind gut!<\/p>\n<p style=\"text-align: justify;\">Ich habe diese E-Mail in das Priesterseminar in Hermosillo, Sonora Mexico erleichtert ich den Empf\u00e4nger zu erreichen hoffen.<br \/>\nMein Name ist Ray Siviri\u00e1n, Ich bin ein Musiker und Komponist in diesen L\u00e4ndern geboren auch Verehrer von Pater Kino. Aus diesem Grund, die Biographie von Kino und seine Missions Leben hier in Sonora Mexiko zu lesen, war ich inspiriert, einen Song zu schreiben, die ich hier senden.<\/p>\n<p>Ich bin f\u00fcr Sie da in Hermosillo, Sonora Mexico.<\/p>\n<p style=\"text-align: justify;\">Ray Siviri\u00e1n<\/p>\n<hr \/>\n<p style=\"text-align: justify;\">Sie k\u00f6nnen den Song auf Youtube unter dem folgenden Link zu finden, genannt <em><strong>&#8222;El Ropa Negra&#8220;<\/strong> <\/em>(Die schwarze Robe)<\/p>\n<p><iframe width=\"629\" height=\"354\" src=\"https:\/\/www.youtube.com\/embed\/9T-3MK3NiAk?feature=oembed\" frameborder=\"0\" allowfullscreen><\/iframe><\/p>\n<hr \/>\n<div>Dies sind die Text des Liedes<\/div>\n<div><a href=\"http:\/\/www.padrekino.org\/wp-content\/uploads\/2016\/04\/el-ropa-negra.pdf\" rel=\"\">el ropa negra<\/a><\/div>\n<p>&nbsp;<\/p>","protected":false},"excerpt":{"rendered":"<p>Unsere Gl\u00fcckw\u00fcnsche und Anerkennung gehen zu Ray Siviri\u00e1n Musiker, Autor dieses sch\u00f6ne Lied zu seinem Helden gewidmet, Vater Kino. Ray hat uns autorisiert es auf unserer Website zu ver\u00f6ffentlichen !! Vielen Dank Ray Hallo, ich hoffe zu Gott, sie sind gut! Ich habe diese E-Mail in das Priesterseminar in Hermosillo, Sonora Mexico erleichtert ich den [&hellip;]<\/p>\n","protected":false},"author":2,"featured_media":0,"comment_status":"closed","ping_status":"closed","sticky":false,"template":"","format":"standard","meta":[],"categories":[1],"tags":[],"yoast_head":"<!-- This site is optimized with the Yoast SEO plugin v15.5 - https:\/\/yoast.com\/wordpress\/plugins\/seo\/ -->\n<title>Die schwarze Robe, ein neues Lied f\u00fcr Padre Kino - Padre Kino<\/title>\n<meta name=\"robots\" content=\"index, follow, max-snippet:-1, max-image-preview:large, max-video-preview:-1\" \/>\n<link rel=\"canonical\" href=\"http:\/\/www.padrekino.org\/il-veste-nera\/\" \/>\n<meta property=\"og:locale\" content=\"de_DE\" \/>\n<meta property=\"og:type\" content=\"article\" \/>\n<meta property=\"og:title\" content=\"Die schwarze Robe, ein neues Lied f\u00fcr Padre Kino - Padre Kino\" \/>\n<meta property=\"og:description\" content=\"Unsere Gl\u00fcckw\u00fcnsche und Anerkennung gehen zu Ray Siviri\u00e1n Musiker, Autor dieses sch\u00f6ne Lied zu seinem Helden gewidmet, Vater Kino. Ray hat uns autorisiert es auf unserer Website zu ver\u00f6ffentlichen !! Vielen Dank Ray Hallo, ich hoffe zu Gott, sie sind gut! Ich habe diese E-Mail in das Priesterseminar in Hermosillo, Sonora Mexico erleichtert ich den [&hellip;]\" \/>\n<meta property=\"og:url\" content=\"http:\/\/www.padrekino.org\/il-veste-nera\/\" \/>\n<meta property=\"og:site_name\" content=\"Padre Kino\" \/>\n<meta property=\"article:published_time\" content=\"2016-04-26T10:30:47+00:00\" \/>\n<meta property=\"article:modified_time\" content=\"2016-06-30T12:07:58+00:00\" \/>\n<meta property=\"og:image\" content=\"http:\/\/www.padrekino.org\/wp-content\/uploads\/2016\/04\/ray-300x169.jpg\" \/>\n<meta name=\"twitter:card\" content=\"summary\" \/>\n<meta name=\"twitter:label1\" content=\"Gesch\u00e4tzte Lesezeit\">\n\t<meta name=\"twitter:data1\" content=\"3\u00a0Minuten\">\n<script type=\"application\/ld+json\" class=\"yoast-schema-graph\">{\"@context\":\"https:\/\/schema.org\",\"@graph\":[{\"@type\":\"WebSite\",\"@id\":\"http:\/\/www.padrekino.org\/de\/#website\",\"url\":\"http:\/\/www.padrekino.org\/de\/\",\"name\":\"Padre Kino\",\"description\":\"Padre a Cavallo\",\"potentialAction\":[{\"@type\":\"SearchAction\",\"target\":\"http:\/\/www.padrekino.org\/de\/?s={search_term_string}\",\"query-input\":\"required name=search_term_string\"}],\"inLanguage\":\"de\"},{\"@type\":\"ImageObject\",\"@id\":\"http:\/\/www.padrekino.org\/il-veste-nera\/#primaryimage\",\"inLanguage\":\"de\",\"url\":\"http:\/\/www.padrekino.org\/wp-content\/uploads\/2016\/04\/ray.jpg\",\"width\":320,\"height\":180},{\"@type\":\"WebPage\",\"@id\":\"http:\/\/www.padrekino.org\/il-veste-nera\/#webpage\",\"url\":\"http:\/\/www.padrekino.org\/il-veste-nera\/\",\"name\":\"Die schwarze Robe, ein neues Lied f\\u00fcr Padre Kino - Padre Kino\",\"isPartOf\":{\"@id\":\"http:\/\/www.padrekino.org\/de\/#website\"},\"primaryImageOfPage\":{\"@id\":\"http:\/\/www.padrekino.org\/il-veste-nera\/#primaryimage\"},\"datePublished\":\"2016-04-26T10:30:47+00:00\",\"dateModified\":\"2016-06-30T12:07:58+00:00\",\"author\":{\"@id\":\"http:\/\/www.padrekino.org\/de\/#\/schema\/person\/9b6f1df9f3c316e636a19d2fe4dbcdbc\"},\"inLanguage\":\"de\",\"potentialAction\":[{\"@type\":\"ReadAction\",\"target\":[\"http:\/\/www.padrekino.org\/il-veste-nera\/\"]}]},{\"@type\":\"Person\",\"@id\":\"http:\/\/www.padrekino.org\/de\/#\/schema\/person\/9b6f1df9f3c316e636a19d2fe4dbcdbc\",\"name\":\"Ammin\"}]}<\/script>\n<!-- \/ Yoast SEO plugin. -->","_links":{"self":[{"href":"http:\/\/www.padrekino.org\/de\/wp-json\/wp\/v2\/posts\/1797"}],"collection":[{"href":"http:\/\/www.padrekino.org\/de\/wp-json\/wp\/v2\/posts"}],"about":[{"href":"http:\/\/www.padrekino.org\/de\/wp-json\/wp\/v2\/types\/post"}],"author":[{"embeddable":true,"href":"http:\/\/www.padrekino.org\/de\/wp-json\/wp\/v2\/users\/2"}],"replies":[{"embeddable":true,"href":"http:\/\/www.padrekino.org\/de\/wp-json\/wp\/v2\/comments?post=1797"}],"version-history":[{"count":0,"href":"http:\/\/www.padrekino.org\/de\/wp-json\/wp\/v2\/posts\/1797\/revisions"}],"wp:attachment":[{"href":"http:\/\/www.padrekino.org\/de\/wp-json\/wp\/v2\/media?parent=1797"}],"wp:term":[{"taxonomy":"category","embeddable":true,"href":"http:\/\/www.padrekino.org\/de\/wp-json\/wp\/v2\/categories?post=1797"},{"taxonomy":"post_tag","embeddable":true,"href":"http:\/\/www.padrekino.org\/de\/wp-json\/wp\/v2\/tags?post=1797"}],"curies":[{"name":"wp","href":"https:\/\/api.w.org\/{rel}","templated":true}]}}