{"id":2381,"date":"2016-08-14T09:00:33","date_gmt":"2016-08-14T07:00:33","guid":{"rendered":"http:\/\/www.padrekino.org\/?p=2381"},"modified":"2016-08-15T22:31:31","modified_gmt":"2016-08-15T20:31:31","slug":"viajando-por-el-camino-de-las-misiones-de-sonora","status":"publish","type":"post","link":"http:\/\/www.padrekino.org\/de\/viajando-por-el-camino-de-las-misiones-de-sonora\/","title":{"rendered":"Reisen den Weg der Missionen von Sonora auf den Wellen eines Radio"},"content":{"rendered":"<p><\/p>\n<p style=\"text-align: center;\"><strong><em>Reisen durch Funkwellen entlang der Spur von Padre Kino Missionen<br \/>\n<\/em><\/strong>aus einem Beitrag des &#8222;<a href=\"https:\/\/www.facebook.com\/SonoraEnLaHoraNacional\/?fref=ts\">Sonora En La Hora Nacional<\/a>&#8220; auf\u00a0Facebook<\/p>\n<hr \/>\n<p>Programm herausgegeben von Radio &#8222;Sonora En La Hora Nacional&#8220;<br \/>\n<a href=\"https:\/\/www.facebook.com\/SonoraEnLaHoraNacional\/\">https:\/\/www.facebook.com\/SonoraEnLaHoraNacional\/<\/a><\/p>\n<p><a href=\"http:\/\/www.padrekino.org\/wp-content\/uploads\/2016\/08\/radio-sonora.png\"><img loading=\"lazy\" class=\"alignnone size-medium wp-image-2383\" src=\"http:\/\/www.padrekino.org\/wp-content\/uploads\/2016\/08\/radio-sonora-300x44.png\" alt=\"radio sonora\" width=\"300\" height=\"44\" \/><br \/>\n<\/a>Addresse:<br \/>\nObreg\u00f3n #46, entre Ya\u00f1ez y Garmendia, Colonia Centro.<br \/>\nC.P. 83000<br \/>\nHermosillo, Sonora<br \/>\nwebsite:\u00a0<a href=\"http:\/\/www.radiosonora.com.mx\/\">http:\/\/www.radiosonora.com.mx\/<br \/>\n<\/a><\/p>\n<p style=\"text-align: justify;\">An diesem Sonntag wir von der Route der Missionen von Sonora reisen, am Jahrestag seiner Geburt Vater Eusebio Francisco Kino Erinnern wir mit dem Chronisten von Magdalena de Kino talke, sie sprechen zu uns von der &#8222;Camino Real de tierra Adentro&#8220;, Basis des n\u00f6rdlichen und sonorense Kultur, h\u00f6ren wir den S\u00e4nger Lazaro Aviles mit einem Thema seiner neuesten Produktion.<\/p>\n<p>Leiter: Elsa Nu\u00f1ez Esquer<br \/>\nTechn. Betreiber: Carlos Rivera<br \/>\nRealisierung: Sonya Daniels<\/p>\n<hr \/>\n<p><a href=\"http:\/\/www.padrekino.org\/wp-content\/uploads\/2016\/08\/camino-des-misiones.jpg\"><img loading=\"lazy\" class=\"size-medium wp-image-2388 alignleft\" src=\"http:\/\/www.padrekino.org\/wp-content\/uploads\/2016\/08\/camino-des-misiones-266x300.jpg\" alt=\"camino des misiones\" width=\"266\" height=\"300\" srcset=\"http:\/\/www.padrekino.org\/wp-content\/uploads\/2016\/08\/camino-des-misiones-266x300.jpg 266w, http:\/\/www.padrekino.org\/wp-content\/uploads\/2016\/08\/camino-des-misiones-768x867.jpg 768w, http:\/\/www.padrekino.org\/wp-content\/uploads\/2016\/08\/camino-des-misiones.jpg 850w\" sizes=\"(max-width: 266px) 100vw, 266px\" \/><\/a><a href=\"https:\/\/www.facebook.com\/SonoraEnLaHoraNacional\/photos\/?tab=album&amp;album_id=952497911527198\">https:\/\/www.facebook.com\/SonoraEnLaHoraNacional\/photos\/?tab=album&amp;album_id=952497911527198<\/a><\/p>\n<p>Herunterladen von\u00a0(Nur auf Spanisch):<br \/>\n<a href=\"https:\/\/mega.nz\/#!Ld0giBjT!O5F3NPYsCdphrx2AY_xq1yUIgpAjs0QjI2gbd0CrBBE\">https:\/\/mega.nz\/#!Ld0giBjT!O5F3NPYsCdphrx2AY_xq1yUIgpAjs0QjI2gbd0CrBBE<\/a><\/p>","protected":false},"excerpt":{"rendered":"<p>Reisen durch Funkwellen entlang der Spur von Padre Kino Missionen aus einem Beitrag des &#8222;Sonora En La Hora Nacional&#8220; auf\u00a0Facebook Programm herausgegeben von Radio &#8222;Sonora En La Hora Nacional&#8220; https:\/\/www.facebook.com\/SonoraEnLaHoraNacional\/ Addresse: Obreg\u00f3n #46, entre Ya\u00f1ez y Garmendia, Colonia Centro. C.P. 83000 Hermosillo, Sonora website:\u00a0http:\/\/www.radiosonora.com.mx\/ An diesem Sonntag wir von der Route der Missionen von Sonora [&hellip;]<\/p>\n","protected":false},"author":3,"featured_media":0,"comment_status":"closed","ping_status":"closed","sticky":false,"template":"","format":"standard","meta":[],"categories":[1],"tags":[],"yoast_head":"<!-- This site is optimized with the Yoast SEO plugin v15.5 - https:\/\/yoast.com\/wordpress\/plugins\/seo\/ -->\n<title>Reisen den Weg der Missionen von Sonora auf den Wellen eines Radio - Padre Kino<\/title>\n<meta name=\"robots\" content=\"index, follow, max-snippet:-1, max-image-preview:large, max-video-preview:-1\" \/>\n<link rel=\"canonical\" href=\"http:\/\/www.padrekino.org\/viajando-por-el-camino-de-las-misiones-de-sonora\/\" \/>\n<meta property=\"og:locale\" content=\"de_DE\" \/>\n<meta property=\"og:type\" content=\"article\" \/>\n<meta property=\"og:title\" content=\"Reisen den Weg der Missionen von Sonora auf den Wellen eines Radio - Padre Kino\" \/>\n<meta property=\"og:description\" content=\"Reisen durch Funkwellen entlang der Spur von Padre Kino Missionen aus einem Beitrag des &#8222;Sonora En La Hora Nacional&#8220; auf\u00a0Facebook Programm herausgegeben von Radio &#8222;Sonora En La Hora Nacional&#8220; https:\/\/www.facebook.com\/SonoraEnLaHoraNacional\/ Addresse: Obreg\u00f3n #46, entre Ya\u00f1ez y Garmendia, Colonia Centro. C.P. 83000 Hermosillo, Sonora website:\u00a0http:\/\/www.radiosonora.com.mx\/ An diesem Sonntag wir von der Route der Missionen von Sonora [&hellip;]\" \/>\n<meta property=\"og:url\" content=\"http:\/\/www.padrekino.org\/viajando-por-el-camino-de-las-misiones-de-sonora\/\" \/>\n<meta property=\"og:site_name\" content=\"Padre Kino\" \/>\n<meta property=\"article:published_time\" content=\"2016-08-14T07:00:33+00:00\" \/>\n<meta property=\"article:modified_time\" content=\"2016-08-15T20:31:31+00:00\" \/>\n<meta property=\"og:image\" content=\"http:\/\/www.padrekino.org\/wp-content\/uploads\/2016\/08\/radio-sonora-300x44.png\" \/>\n<meta name=\"twitter:card\" content=\"summary\" \/>\n<meta name=\"twitter:label1\" content=\"Gesch\u00e4tzte Lesezeit\">\n\t<meta name=\"twitter:data1\" content=\"3\u00a0Minuten\">\n<script type=\"application\/ld+json\" class=\"yoast-schema-graph\">{\"@context\":\"https:\/\/schema.org\",\"@graph\":[{\"@type\":\"WebSite\",\"@id\":\"https:\/\/www.padrekino.org\/#website\",\"url\":\"https:\/\/www.padrekino.org\/\",\"name\":\"Padre Kino\",\"description\":\"Padre a Cavallo\",\"potentialAction\":[{\"@type\":\"SearchAction\",\"target\":\"https:\/\/www.padrekino.org\/?s={search_term_string}\",\"query-input\":\"required name=search_term_string\"}],\"inLanguage\":\"de\"},{\"@type\":\"ImageObject\",\"@id\":\"http:\/\/www.padrekino.org\/viajando-por-el-camino-de-las-misiones-de-sonora\/#primaryimage\",\"inLanguage\":\"de\",\"url\":\"http:\/\/www.padrekino.org\/wp-content\/uploads\/2016\/08\/radio-sonora-300x44.png\"},{\"@type\":\"WebPage\",\"@id\":\"http:\/\/www.padrekino.org\/viajando-por-el-camino-de-las-misiones-de-sonora\/#webpage\",\"url\":\"http:\/\/www.padrekino.org\/viajando-por-el-camino-de-las-misiones-de-sonora\/\",\"name\":\"Reisen den Weg der Missionen von Sonora auf den Wellen eines Radio - Padre Kino\",\"isPartOf\":{\"@id\":\"https:\/\/www.padrekino.org\/#website\"},\"primaryImageOfPage\":{\"@id\":\"http:\/\/www.padrekino.org\/viajando-por-el-camino-de-las-misiones-de-sonora\/#primaryimage\"},\"datePublished\":\"2016-08-14T07:00:33+00:00\",\"dateModified\":\"2016-08-15T20:31:31+00:00\",\"author\":{\"@id\":\"https:\/\/www.padrekino.org\/#\/schema\/person\/07a72e085e65feb481ecb3fc192df47a\"},\"inLanguage\":\"de\",\"potentialAction\":[{\"@type\":\"ReadAction\",\"target\":[\"http:\/\/www.padrekino.org\/viajando-por-el-camino-de-las-misiones-de-sonora\/\"]}]},{\"@type\":\"Person\",\"@id\":\"https:\/\/www.padrekino.org\/#\/schema\/person\/07a72e085e65feb481ecb3fc192df47a\",\"name\":\"KinoOrg\"}]}<\/script>\n<!-- \/ Yoast SEO plugin. -->","_links":{"self":[{"href":"http:\/\/www.padrekino.org\/de\/wp-json\/wp\/v2\/posts\/2381"}],"collection":[{"href":"http:\/\/www.padrekino.org\/de\/wp-json\/wp\/v2\/posts"}],"about":[{"href":"http:\/\/www.padrekino.org\/de\/wp-json\/wp\/v2\/types\/post"}],"author":[{"embeddable":true,"href":"http:\/\/www.padrekino.org\/de\/wp-json\/wp\/v2\/users\/3"}],"replies":[{"embeddable":true,"href":"http:\/\/www.padrekino.org\/de\/wp-json\/wp\/v2\/comments?post=2381"}],"version-history":[{"count":0,"href":"http:\/\/www.padrekino.org\/de\/wp-json\/wp\/v2\/posts\/2381\/revisions"}],"wp:attachment":[{"href":"http:\/\/www.padrekino.org\/de\/wp-json\/wp\/v2\/media?parent=2381"}],"wp:term":[{"taxonomy":"category","embeddable":true,"href":"http:\/\/www.padrekino.org\/de\/wp-json\/wp\/v2\/categories?post=2381"},{"taxonomy":"post_tag","embeddable":true,"href":"http:\/\/www.padrekino.org\/de\/wp-json\/wp\/v2\/tags?post=2381"}],"curies":[{"name":"wp","href":"https:\/\/api.w.org\/{rel}","templated":true}]}}