{"id":2845,"date":"2016-12-18T22:34:48","date_gmt":"2016-12-18T21:34:48","guid":{"rendered":"http:\/\/www.padrekino.org\/?p=2845"},"modified":"2016-12-21T16:34:08","modified_gmt":"2016-12-21T15:34:08","slug":"padre-kino-padri-fondatori-degli-stati-uniti","status":"publish","type":"post","link":"http:\/\/www.padrekino.org\/de\/padre-kino-padri-fondatori-degli-stati-uniti\/","title":{"rendered":"Padre Kino, unter den Gr\u00fcndungspatres der U.S.A.!"},"content":{"rendered":"<p><\/p>\n<p style=\"text-align: justify;\">Online-Video von Bischof Kicanas Kino Pr\u00e4sentation an der Katholischen Universit\u00e4t &#8222;Founding Padres&#8220; Diskussion.<br \/>\n<a href=\"http:\/\/www.padrekino.org\/wp-content\/uploads\/2016\/12\/Kino_founder.jpg\"><img loading=\"lazy\" class=\"size-medium wp-image-2846 alignleft\" src=\"http:\/\/www.padrekino.org\/wp-content\/uploads\/2016\/12\/Kino_founder-300x200.jpg\" alt=\"kino_founder\" width=\"300\" height=\"200\" srcset=\"http:\/\/www.padrekino.org\/wp-content\/uploads\/2016\/12\/Kino_founder-300x200.jpg 300w, http:\/\/www.padrekino.org\/wp-content\/uploads\/2016\/12\/Kino_founder.jpg 350w\" sizes=\"(max-width: 300px) 100vw, 300px\" \/><\/a>Am 22. April 2015 veranstaltete das IPRCUA (Institut f\u00fcr Politikforschung und Katholische Studien an der Katholischen Universit\u00e4t von Amerika) in Washington, D.C. eine Konferenz \u00fcber &#8222;Die Gr\u00fcndungspatres&#8220; der USA &#8211; n\u00e4mlich: Jacques Marquette, S.J. (1637-1675), Eusebio Francisco Kino, S.J. (1645-1711) und Junipero Serra, O.F.M. (1713-1784).<br \/>\nAlle drei wurden Priester, Missionare und Entdecker und wegen ihrer pers\u00f6nlichen au\u00dferordentlichen und unaufh\u00f6rlichen Verpflichtung, wurden mit Statuen geehrt, die im Kapitol der Hall of Heroes stehen. Die IPRCUA-Redner diskutierten ihre Beitr\u00e4ge als Gr\u00fcndungspatres zur Geschichte der U.S.A. und der katholischen Kirche im Land.<\/p>\n<p style=\"text-align: justify;\">Ein besonderer Dank geht an die Facebook -Profil &#8222;Eusebio Kino&#8220;, die Relevanz f\u00fcr wichtige Nachrichten \u00fcber Pater Kino hat!<\/p>\n<p style=\"text-align: justify;\">Lies mehr bei:<\/p>\n<p><a href=\"http:\/\/Http:\/\/iprcua.com\/2015\/04\/22\/founding-padres\/\">Http:\/\/iprcua.com\/2015\/04\/22\/founding-padres\/<\/a><\/p>","protected":false},"excerpt":{"rendered":"<p>Online-Video von Bischof Kicanas Kino Pr\u00e4sentation an der Katholischen Universit\u00e4t &#8222;Founding Padres&#8220; Diskussion. Am 22. April 2015 veranstaltete das IPRCUA (Institut f\u00fcr Politikforschung und Katholische Studien an der Katholischen Universit\u00e4t von Amerika) in Washington, D.C. eine Konferenz \u00fcber &#8222;Die Gr\u00fcndungspatres&#8220; der USA &#8211; n\u00e4mlich: Jacques Marquette, S.J. (1637-1675), Eusebio Francisco Kino, S.J. (1645-1711) und Junipero [&hellip;]<\/p>\n","protected":false},"author":3,"featured_media":0,"comment_status":"closed","ping_status":"closed","sticky":false,"template":"","format":"standard","meta":[],"categories":[1],"tags":[],"yoast_head":"<!-- This site is optimized with the Yoast SEO plugin v15.5 - https:\/\/yoast.com\/wordpress\/plugins\/seo\/ -->\n<title>Padre Kino, unter den Gr\u00fcndungspatres der U.S.A.! - Padre Kino<\/title>\n<meta name=\"robots\" content=\"index, follow, max-snippet:-1, max-image-preview:large, max-video-preview:-1\" \/>\n<link rel=\"canonical\" href=\"http:\/\/www.padrekino.org\/de\/padre-kino-padri-fondatori-degli-stati-uniti\/\" \/>\n<meta property=\"og:locale\" content=\"de_DE\" \/>\n<meta property=\"og:type\" content=\"article\" \/>\n<meta property=\"og:title\" content=\"Padre Kino, unter den Gr\u00fcndungspatres der U.S.A.! - Padre Kino\" \/>\n<meta property=\"og:description\" content=\"Online-Video von Bischof Kicanas Kino Pr\u00e4sentation an der Katholischen Universit\u00e4t &#8222;Founding Padres&#8220; Diskussion. Am 22. April 2015 veranstaltete das IPRCUA (Institut f\u00fcr Politikforschung und Katholische Studien an der Katholischen Universit\u00e4t von Amerika) in Washington, D.C. eine Konferenz \u00fcber &#8222;Die Gr\u00fcndungspatres&#8220; der USA &#8211; n\u00e4mlich: Jacques Marquette, S.J. (1637-1675), Eusebio Francisco Kino, S.J. (1645-1711) und Junipero [&hellip;]\" \/>\n<meta property=\"og:url\" content=\"http:\/\/www.padrekino.org\/de\/padre-kino-padri-fondatori-degli-stati-uniti\/\" \/>\n<meta property=\"og:site_name\" content=\"Padre Kino\" \/>\n<meta property=\"article:published_time\" content=\"2016-12-18T21:34:48+00:00\" \/>\n<meta property=\"article:modified_time\" content=\"2016-12-21T15:34:08+00:00\" \/>\n<meta property=\"og:image\" content=\"http:\/\/www.padrekino.org\/wp-content\/uploads\/2016\/12\/Kino_founder-300x200.jpg\" \/>\n<meta name=\"twitter:card\" content=\"summary\" \/>\n<meta name=\"twitter:label1\" content=\"Gesch\u00e4tzte Lesezeit\">\n\t<meta name=\"twitter:data1\" content=\"3\u00a0Minuten\">\n<script type=\"application\/ld+json\" class=\"yoast-schema-graph\">{\"@context\":\"https:\/\/schema.org\",\"@graph\":[{\"@type\":\"WebSite\",\"@id\":\"https:\/\/www.padrekino.org\/#website\",\"url\":\"https:\/\/www.padrekino.org\/\",\"name\":\"Padre Kino\",\"description\":\"Padre a Cavallo\",\"potentialAction\":[{\"@type\":\"SearchAction\",\"target\":\"https:\/\/www.padrekino.org\/?s={search_term_string}\",\"query-input\":\"required name=search_term_string\"}],\"inLanguage\":\"de\"},{\"@type\":\"ImageObject\",\"@id\":\"http:\/\/www.padrekino.org\/de\/padre-kino-padri-fondatori-degli-stati-uniti\/#primaryimage\",\"inLanguage\":\"de\",\"url\":\"http:\/\/www.padrekino.org\/wp-content\/uploads\/2016\/12\/Kino_founder.jpg\",\"width\":350,\"height\":233},{\"@type\":\"WebPage\",\"@id\":\"http:\/\/www.padrekino.org\/de\/padre-kino-padri-fondatori-degli-stati-uniti\/#webpage\",\"url\":\"http:\/\/www.padrekino.org\/de\/padre-kino-padri-fondatori-degli-stati-uniti\/\",\"name\":\"Padre Kino, unter den Gr\\u00fcndungspatres der U.S.A.! - Padre Kino\",\"isPartOf\":{\"@id\":\"https:\/\/www.padrekino.org\/#website\"},\"primaryImageOfPage\":{\"@id\":\"http:\/\/www.padrekino.org\/de\/padre-kino-padri-fondatori-degli-stati-uniti\/#primaryimage\"},\"datePublished\":\"2016-12-18T21:34:48+00:00\",\"dateModified\":\"2016-12-21T15:34:08+00:00\",\"author\":{\"@id\":\"https:\/\/www.padrekino.org\/#\/schema\/person\/07a72e085e65feb481ecb3fc192df47a\"},\"inLanguage\":\"de\",\"potentialAction\":[{\"@type\":\"ReadAction\",\"target\":[\"http:\/\/www.padrekino.org\/de\/padre-kino-padri-fondatori-degli-stati-uniti\/\"]}]},{\"@type\":\"Person\",\"@id\":\"https:\/\/www.padrekino.org\/#\/schema\/person\/07a72e085e65feb481ecb3fc192df47a\",\"name\":\"KinoOrg\"}]}<\/script>\n<!-- \/ Yoast SEO plugin. -->","_links":{"self":[{"href":"http:\/\/www.padrekino.org\/de\/wp-json\/wp\/v2\/posts\/2845"}],"collection":[{"href":"http:\/\/www.padrekino.org\/de\/wp-json\/wp\/v2\/posts"}],"about":[{"href":"http:\/\/www.padrekino.org\/de\/wp-json\/wp\/v2\/types\/post"}],"author":[{"embeddable":true,"href":"http:\/\/www.padrekino.org\/de\/wp-json\/wp\/v2\/users\/3"}],"replies":[{"embeddable":true,"href":"http:\/\/www.padrekino.org\/de\/wp-json\/wp\/v2\/comments?post=2845"}],"version-history":[{"count":0,"href":"http:\/\/www.padrekino.org\/de\/wp-json\/wp\/v2\/posts\/2845\/revisions"}],"wp:attachment":[{"href":"http:\/\/www.padrekino.org\/de\/wp-json\/wp\/v2\/media?parent=2845"}],"wp:term":[{"taxonomy":"category","embeddable":true,"href":"http:\/\/www.padrekino.org\/de\/wp-json\/wp\/v2\/categories?post=2845"},{"taxonomy":"post_tag","embeddable":true,"href":"http:\/\/www.padrekino.org\/de\/wp-json\/wp\/v2\/tags?post=2845"}],"curies":[{"name":"wp","href":"https:\/\/api.w.org\/{rel}","templated":true}]}}