{"id":3052,"date":"2017-03-16T22:55:32","date_gmt":"2017-03-16T21:55:32","guid":{"rendered":"http:\/\/www.padrekino.org\/?p=3052"},"modified":"2017-03-17T00:14:10","modified_gmt":"2017-03-16T23:14:10","slug":"tod-von-padre-kino-der-nahe-von-mitternacht-15-marz-1711","status":"publish","type":"post","link":"http:\/\/www.padrekino.org\/de\/tod-von-padre-kino-der-nahe-von-mitternacht-15-marz-1711\/","title":{"rendered":"Tod von Padre Kino in der N\u00e4he von Mitternacht am 15. M\u00e4rz 1711"},"content":{"rendered":"<p><\/p>\n<h5 style=\"text-align: center;\"><span style=\"color: #0000ff;\">TOD\u00a0DES VATERS KINO. &#8211; 11\u00a0<strong>M\u00c4RZ\u00a0<\/strong>1711<\/span><\/h5>\n<p style=\"text-align: justify;\">Hier ist was auf dem Facebook-Profil &#8222;<span style=\"color: #0000ff;\">Eusebio Kino<\/span> <span style=\"color: #ff0000;\"><strong>#<\/strong><\/span>&#8220; ver\u00f6ffentlicht wurde<br \/>\nWir freuen uns sehr \u00fcber das Facebook-Profil unserer Freunde bei &#8222;Eusebio Kino&#8220; f\u00fcr ihre Erinnerung an dieses wichtige Event!<\/p>\n<hr \/>\n<p style=\"text-align: justify;\"><a href=\"http:\/\/www.padrekino.org\/wp-content\/uploads\/2017\/03\/kino_death.jpg\"><img loading=\"lazy\" class=\"size-medium wp-image-3048 alignleft\" src=\"http:\/\/www.padrekino.org\/wp-content\/uploads\/2017\/03\/kino_death-300x124.jpg\" alt=\"\" width=\"300\" height=\"124\" srcset=\"http:\/\/www.padrekino.org\/wp-content\/uploads\/2017\/03\/kino_death-300x124.jpg 300w, http:\/\/www.padrekino.org\/wp-content\/uploads\/2017\/03\/kino_death-768x317.jpg 768w, http:\/\/www.padrekino.org\/wp-content\/uploads\/2017\/03\/kino_death-900x371.jpg 900w, http:\/\/www.padrekino.org\/wp-content\/uploads\/2017\/03\/kino_death.jpg 960w\" sizes=\"(max-width: 300px) 100vw, 300px\" \/><\/a>Heute sind die Menschen in der Magdalena de Kino ehren Vater Kino am Jahrestag seines Todes in einem sch\u00f6nen und kraftvollen Art und Weise mit ihren j\u00e4hrlichen stille Parade in der D\u00e4mmerung durch die Stra\u00dfen ihrer Stadt. Vater Velarde schrieb von Kino Tod: &#8222;Er starb, wie er gelebt hatte, mit \u00e4u\u00dferster Demut und Armut &#8230; Sein Tod Bett, als sein Bett immer, bestand aus zwei Kalbfelle f\u00fcr eine Matratze, zwei Decken: wie die Indianer verwenden, wie Abdeckungen und Packsattel f\u00fcr ein Kissen. &#8230; Er reiste hatte nach San Francisco Xavier im pueblo von Santa Magdalena geweihte fein gemacht gewidmet Kapelle. &#8220; Lesen Sie mehr \u00fcber die Entdeckung von Kino Grab im Jahre 1966 bei <a href=\"http:\/\/padrekino.com\/kino-s-legacy\/kino-grave-discovery\/\">http:\/\/padrekino.com\/kino-s-legacy\/kino-grave-discovery\/<\/a><\/p>\n<p style=\"text-align: justify;\"><a href=\"http:\/\/www.padrekino.org\/wp-content\/uploads\/2017\/03\/kino_death_1.jpg\"><img loading=\"lazy\" class=\"size-medium wp-image-3049 alignleft\" src=\"http:\/\/www.padrekino.org\/wp-content\/uploads\/2017\/03\/kino_death_1-300x200.jpg\" alt=\"\" width=\"300\" height=\"200\" srcset=\"http:\/\/www.padrekino.org\/wp-content\/uploads\/2017\/03\/kino_death_1-300x200.jpg 300w, http:\/\/www.padrekino.org\/wp-content\/uploads\/2017\/03\/kino_death_1-768x512.jpg 768w, http:\/\/www.padrekino.org\/wp-content\/uploads\/2017\/03\/kino_death_1-900x600.jpg 900w, http:\/\/www.padrekino.org\/wp-content\/uploads\/2017\/03\/kino_death_1.jpg 960w\" sizes=\"(max-width: 300px) 100vw, 300px\" \/><\/a>Kino glaubte, dass er von einem fast t\u00f6dlichen Krankheit im Alter von 18, durch die F\u00fcrsprache des gro\u00dfen Jesuiten-Missionar Franz Xaver gewonnen. Kino fuhr mit seinem letzten irdischen Spur im Alter von 66 mit einer Kapelle zu seinem Schutzheiligen gewidmet ist. Velarde hat geschrieben:.. &#8222;Er ist in der Heimat des Vaters Campos starb Vater Kino unwohl f\u00fchlte, als er die Masse der Hingabe sang Es scheint, dass der heilige Apostel, zu denen er immer gewidmet, rief Kino, so dass durch in begraben Seine Kapelle, w\u00fcrde er auf den leblosen Bild des Apostels der N\u00e4he bleiben, weil er die lebenden Heiligen durch seine apostolische Arbeit nachgeahmt hatte, damit er Xavier Begleite k\u00f6nnte, wie wir in der himmlischen Seligkeit glauben kann. &#8222;<\/p>\n<p style=\"text-align: justify;\">Zeichnungen von Ettore &#8222;Ted&#8220; DeGrazia.<\/p>\n<p style=\"text-align: justify;\">\u00a0<strong><em><span style=\"color: #0000ff;\"><span style=\"color: #ff0000;\">#<\/span>\u00a0<\/span><\/em><\/strong><span style=\"color: #000000;\">&#8222;Eusebio Kino&#8220; Facebook Profil:<br \/>\n<\/span><a href=\"https:\/\/www.facebook.com\/eusebio.kino.56?fref=ts\">https:\/\/www.facebook.com\/eusebio.kino.56?fref=ts<\/a><\/p>\n<p><\/p>","protected":false},"excerpt":{"rendered":"<p>TOD\u00a0DES VATERS KINO. &#8211; 11\u00a0M\u00c4RZ\u00a01711 Hier ist was auf dem Facebook-Profil &#8222;Eusebio Kino #&#8220; ver\u00f6ffentlicht wurde Wir freuen uns sehr \u00fcber das Facebook-Profil unserer Freunde bei &#8222;Eusebio Kino&#8220; f\u00fcr ihre Erinnerung an dieses wichtige Event! Heute sind die Menschen in der Magdalena de Kino ehren Vater Kino am Jahrestag seines Todes in einem sch\u00f6nen und [&hellip;]<\/p>\n","protected":false},"author":3,"featured_media":0,"comment_status":"closed","ping_status":"closed","sticky":false,"template":"","format":"standard","meta":[],"categories":[1],"tags":[],"yoast_head":"<!-- This site is optimized with the Yoast SEO plugin v15.5 - https:\/\/yoast.com\/wordpress\/plugins\/seo\/ -->\n<title>Tod von Padre Kino in der N\u00e4he von Mitternacht am 15. M\u00e4rz 1711 - Padre Kino<\/title>\n<meta name=\"robots\" content=\"index, follow, max-snippet:-1, max-image-preview:large, max-video-preview:-1\" \/>\n<link rel=\"canonical\" href=\"https:\/\/www.padrekino.org\/es\/tod-von-padre-kino-der-nahe-von-mitternacht-15-marz-1711\/\" \/>\n<meta property=\"og:locale\" content=\"de_DE\" \/>\n<meta property=\"og:type\" content=\"article\" \/>\n<meta property=\"og:title\" content=\"Tod von Padre Kino in der N\u00e4he von Mitternacht am 15. M\u00e4rz 1711 - Padre Kino\" \/>\n<meta property=\"og:description\" content=\"TOD\u00a0DES VATERS KINO. &#8211; 11\u00a0M\u00c4RZ\u00a01711 Hier ist was auf dem Facebook-Profil &#8222;Eusebio Kino #&#8220; ver\u00f6ffentlicht wurde Wir freuen uns sehr \u00fcber das Facebook-Profil unserer Freunde bei &#8222;Eusebio Kino&#8220; f\u00fcr ihre Erinnerung an dieses wichtige Event! Heute sind die Menschen in der Magdalena de Kino ehren Vater Kino am Jahrestag seines Todes in einem sch\u00f6nen und [&hellip;]\" \/>\n<meta property=\"og:url\" content=\"https:\/\/www.padrekino.org\/es\/tod-von-padre-kino-der-nahe-von-mitternacht-15-marz-1711\/\" \/>\n<meta property=\"og:site_name\" content=\"Padre Kino\" \/>\n<meta property=\"article:published_time\" content=\"2017-03-16T21:55:32+00:00\" \/>\n<meta property=\"article:modified_time\" content=\"2017-03-16T23:14:10+00:00\" \/>\n<meta property=\"og:image\" content=\"http:\/\/www.padrekino.org\/wp-content\/uploads\/2017\/03\/kino_death-300x124.jpg\" \/>\n<meta name=\"twitter:card\" content=\"summary\" \/>\n<meta name=\"twitter:label1\" content=\"Gesch\u00e4tzte Lesezeit\">\n\t<meta name=\"twitter:data1\" content=\"5\u00a0Minuten\">\n<script type=\"application\/ld+json\" class=\"yoast-schema-graph\">{\"@context\":\"https:\/\/schema.org\",\"@graph\":[{\"@type\":\"WebSite\",\"@id\":\"http:\/\/www.padrekino.org\/de\/#website\",\"url\":\"http:\/\/www.padrekino.org\/de\/\",\"name\":\"Padre Kino\",\"description\":\"Padre a Cavallo\",\"potentialAction\":[{\"@type\":\"SearchAction\",\"target\":\"http:\/\/www.padrekino.org\/de\/?s={search_term_string}\",\"query-input\":\"required name=search_term_string\"}],\"inLanguage\":\"de\"},{\"@type\":\"ImageObject\",\"@id\":\"https:\/\/www.padrekino.org\/es\/tod-von-padre-kino-der-nahe-von-mitternacht-15-marz-1711\/#primaryimage\",\"inLanguage\":\"de\",\"url\":\"http:\/\/www.padrekino.org\/wp-content\/uploads\/2017\/03\/kino_death.jpg\",\"width\":960,\"height\":396},{\"@type\":\"WebPage\",\"@id\":\"https:\/\/www.padrekino.org\/es\/tod-von-padre-kino-der-nahe-von-mitternacht-15-marz-1711\/#webpage\",\"url\":\"https:\/\/www.padrekino.org\/es\/tod-von-padre-kino-der-nahe-von-mitternacht-15-marz-1711\/\",\"name\":\"Tod von Padre Kino in der N\\u00e4he von Mitternacht am 15. M\\u00e4rz 1711 - Padre Kino\",\"isPartOf\":{\"@id\":\"http:\/\/www.padrekino.org\/de\/#website\"},\"primaryImageOfPage\":{\"@id\":\"https:\/\/www.padrekino.org\/es\/tod-von-padre-kino-der-nahe-von-mitternacht-15-marz-1711\/#primaryimage\"},\"datePublished\":\"2017-03-16T21:55:32+00:00\",\"dateModified\":\"2017-03-16T23:14:10+00:00\",\"author\":{\"@id\":\"http:\/\/www.padrekino.org\/de\/#\/schema\/person\/07a72e085e65feb481ecb3fc192df47a\"},\"inLanguage\":\"de\",\"potentialAction\":[{\"@type\":\"ReadAction\",\"target\":[\"https:\/\/www.padrekino.org\/es\/tod-von-padre-kino-der-nahe-von-mitternacht-15-marz-1711\/\"]}]},{\"@type\":\"Person\",\"@id\":\"http:\/\/www.padrekino.org\/de\/#\/schema\/person\/07a72e085e65feb481ecb3fc192df47a\",\"name\":\"KinoOrg\"}]}<\/script>\n<!-- \/ Yoast SEO plugin. -->","_links":{"self":[{"href":"http:\/\/www.padrekino.org\/de\/wp-json\/wp\/v2\/posts\/3052"}],"collection":[{"href":"http:\/\/www.padrekino.org\/de\/wp-json\/wp\/v2\/posts"}],"about":[{"href":"http:\/\/www.padrekino.org\/de\/wp-json\/wp\/v2\/types\/post"}],"author":[{"embeddable":true,"href":"http:\/\/www.padrekino.org\/de\/wp-json\/wp\/v2\/users\/3"}],"replies":[{"embeddable":true,"href":"http:\/\/www.padrekino.org\/de\/wp-json\/wp\/v2\/comments?post=3052"}],"version-history":[{"count":0,"href":"http:\/\/www.padrekino.org\/de\/wp-json\/wp\/v2\/posts\/3052\/revisions"}],"wp:attachment":[{"href":"http:\/\/www.padrekino.org\/de\/wp-json\/wp\/v2\/media?parent=3052"}],"wp:term":[{"taxonomy":"category","embeddable":true,"href":"http:\/\/www.padrekino.org\/de\/wp-json\/wp\/v2\/categories?post=3052"},{"taxonomy":"post_tag","embeddable":true,"href":"http:\/\/www.padrekino.org\/de\/wp-json\/wp\/v2\/tags?post=3052"}],"curies":[{"name":"wp","href":"https:\/\/api.w.org\/{rel}","templated":true}]}}