{"id":3102,"date":"2017-03-17T15:18:24","date_gmt":"2017-03-17T14:18:24","guid":{"rendered":"http:\/\/www.padrekino.org\/?p=3102"},"modified":"2017-03-17T15:21:14","modified_gmt":"2017-03-17T14:21:14","slug":"padre-kino-y-los-indios-oodham","status":"publish","type":"post","link":"http:\/\/www.padrekino.org\/de\/padre-kino-y-los-indios-oodham\/","title":{"rendered":"Padre Kino und die O&#8217;odham Indianer"},"content":{"rendered":"<p><\/p>\n<h5 style=\"text-align: center;\"><span style=\"color: #0000ff;\">Padre Kino\u00a0beginnt das Vierteljahr der Arbeit vor 330 Jahren.<\/span><\/h5>\n<p style=\"text-align: justify;\">Liebe Freunde von yhe &#8222;<span style=\"color: #0000ff;\">Eusebio Kino<\/span> <span style=\"color: #ff0000;\"><strong>#<\/strong><\/span>&#8220; Facebook-Profil, vielen Dank daf\u00fcr, dass wir uns auf die importanten Ereignisse von Padre Kino Leben gelegt haben!<\/p>\n<p style=\"text-align: justify;\"><a href=\"http:\/\/www.padrekino.org\/wp-content\/uploads\/2017\/03\/missioni.jpg\"><img loading=\"lazy\" class=\"size-medium wp-image-3100 alignleft\" src=\"http:\/\/www.padrekino.org\/wp-content\/uploads\/2017\/03\/missioni-266x300.jpg\" alt=\"\" width=\"266\" height=\"300\" srcset=\"http:\/\/www.padrekino.org\/wp-content\/uploads\/2017\/03\/missioni-266x300.jpg 266w, http:\/\/www.padrekino.org\/wp-content\/uploads\/2017\/03\/missioni-768x867.jpg 768w, http:\/\/www.padrekino.org\/wp-content\/uploads\/2017\/03\/missioni.jpg 850w\" sizes=\"(max-width: 266px) 100vw, 266px\" \/><\/a>Am 13. M\u00e4rz 1687 nahm Kino die Einladung des O&#8217;odham-Volkes des Dorfes Cosari an und begann seine 24-j\u00e4hrige Arbeit als Jesuiten-Missionar in der Pimer\u00eda Alta &#8211; jetzt N\u00f6rdliche Sonora und S\u00fcd-Arizona. Er w\u00fcrde sowohl spirituelle als auch k\u00f6rperliche Bed\u00fcrfnisse des O&#8217;odham sprechenden Volkes und anderer indigener V\u00f6lker besuchen. Kino k\u00e4mpfte gegen die spanischen Siedler, die unabl\u00e4ssig versuchten, die O&#8217;odham-Leute zu versklaven und ihre L\u00e4nder zu stehlen. Cosari w\u00fcrde Kino&#8217;s Mission Hauptsitz f\u00fcr die 24 Missionen &amp; Besucher, die er gegr\u00fcndet wurde. Er nannte seine erste Mission zu Ehren von La Nuestra Se\u00f1ora de los Dolores &#8211; Unsere Mutter der Sorgen.<\/p>\n<p style=\"text-align: justify;\"><span style=\"color: #ff0000;\"><strong>#\u00a0<\/strong><\/span>Mehr sehen auf Facebook auf:<br \/>\n<a href=\"https:\/\/www.facebook.com\/eusebio.kino.56?fref=ts\">https:\/\/www.facebook.com\/eusebio.kino.56?fref=ts<\/a><\/p>\n<p><\/p>","protected":false},"excerpt":{"rendered":"<p>Padre Kino\u00a0beginnt das Vierteljahr der Arbeit vor 330 Jahren. Liebe Freunde von yhe &#8222;Eusebio Kino #&#8220; Facebook-Profil, vielen Dank daf\u00fcr, dass wir uns auf die importanten Ereignisse von Padre Kino Leben gelegt haben! Am 13. M\u00e4rz 1687 nahm Kino die Einladung des O&#8217;odham-Volkes des Dorfes Cosari an und begann seine 24-j\u00e4hrige Arbeit als Jesuiten-Missionar in [&hellip;]<\/p>\n","protected":false},"author":3,"featured_media":0,"comment_status":"closed","ping_status":"closed","sticky":false,"template":"","format":"standard","meta":[],"categories":[1],"tags":[],"yoast_head":"<!-- This site is optimized with the Yoast SEO plugin v15.5 - https:\/\/yoast.com\/wordpress\/plugins\/seo\/ -->\n<title>Padre Kino und die O&#039;odham Indianer - Padre Kino<\/title>\n<meta name=\"robots\" content=\"index, follow, max-snippet:-1, max-image-preview:large, max-video-preview:-1\" \/>\n<link rel=\"canonical\" href=\"https:\/\/www.padrekino.org\/es\/padre-kino-y-los-indios-oodham\/\" \/>\n<meta property=\"og:locale\" content=\"de_DE\" \/>\n<meta property=\"og:type\" content=\"article\" \/>\n<meta property=\"og:title\" content=\"Padre Kino und die O&#039;odham Indianer - Padre Kino\" \/>\n<meta property=\"og:description\" content=\"Padre Kino\u00a0beginnt das Vierteljahr der Arbeit vor 330 Jahren. Liebe Freunde von yhe &#8222;Eusebio Kino #&#8220; Facebook-Profil, vielen Dank daf\u00fcr, dass wir uns auf die importanten Ereignisse von Padre Kino Leben gelegt haben! Am 13. M\u00e4rz 1687 nahm Kino die Einladung des O&#8217;odham-Volkes des Dorfes Cosari an und begann seine 24-j\u00e4hrige Arbeit als Jesuiten-Missionar in [&hellip;]\" \/>\n<meta property=\"og:url\" content=\"https:\/\/www.padrekino.org\/es\/padre-kino-y-los-indios-oodham\/\" \/>\n<meta property=\"og:site_name\" content=\"Padre Kino\" \/>\n<meta property=\"article:published_time\" content=\"2017-03-17T14:18:24+00:00\" \/>\n<meta property=\"article:modified_time\" content=\"2017-03-17T14:21:14+00:00\" \/>\n<meta property=\"og:image\" content=\"http:\/\/www.padrekino.org\/wp-content\/uploads\/2017\/03\/missioni-266x300.jpg\" \/>\n<meta name=\"twitter:card\" content=\"summary\" \/>\n<meta name=\"twitter:label1\" content=\"Gesch\u00e4tzte Lesezeit\">\n\t<meta name=\"twitter:data1\" content=\"3\u00a0Minuten\">\n<script type=\"application\/ld+json\" class=\"yoast-schema-graph\">{\"@context\":\"https:\/\/schema.org\",\"@graph\":[{\"@type\":\"WebSite\",\"@id\":\"http:\/\/www.padrekino.org\/de\/#website\",\"url\":\"http:\/\/www.padrekino.org\/de\/\",\"name\":\"Padre Kino\",\"description\":\"Padre a Cavallo\",\"potentialAction\":[{\"@type\":\"SearchAction\",\"target\":\"http:\/\/www.padrekino.org\/de\/?s={search_term_string}\",\"query-input\":\"required name=search_term_string\"}],\"inLanguage\":\"de\"},{\"@type\":\"ImageObject\",\"@id\":\"https:\/\/www.padrekino.org\/es\/padre-kino-y-los-indios-oodham\/#primaryimage\",\"inLanguage\":\"de\",\"url\":\"http:\/\/www.padrekino.org\/wp-content\/uploads\/2017\/03\/missioni.jpg\",\"width\":850,\"height\":960},{\"@type\":\"WebPage\",\"@id\":\"https:\/\/www.padrekino.org\/es\/padre-kino-y-los-indios-oodham\/#webpage\",\"url\":\"https:\/\/www.padrekino.org\/es\/padre-kino-y-los-indios-oodham\/\",\"name\":\"Padre Kino und die O'odham Indianer - Padre Kino\",\"isPartOf\":{\"@id\":\"http:\/\/www.padrekino.org\/de\/#website\"},\"primaryImageOfPage\":{\"@id\":\"https:\/\/www.padrekino.org\/es\/padre-kino-y-los-indios-oodham\/#primaryimage\"},\"datePublished\":\"2017-03-17T14:18:24+00:00\",\"dateModified\":\"2017-03-17T14:21:14+00:00\",\"author\":{\"@id\":\"http:\/\/www.padrekino.org\/de\/#\/schema\/person\/07a72e085e65feb481ecb3fc192df47a\"},\"inLanguage\":\"de\",\"potentialAction\":[{\"@type\":\"ReadAction\",\"target\":[\"https:\/\/www.padrekino.org\/es\/padre-kino-y-los-indios-oodham\/\"]}]},{\"@type\":\"Person\",\"@id\":\"http:\/\/www.padrekino.org\/de\/#\/schema\/person\/07a72e085e65feb481ecb3fc192df47a\",\"name\":\"KinoOrg\"}]}<\/script>\n<!-- \/ Yoast SEO plugin. -->","_links":{"self":[{"href":"http:\/\/www.padrekino.org\/de\/wp-json\/wp\/v2\/posts\/3102"}],"collection":[{"href":"http:\/\/www.padrekino.org\/de\/wp-json\/wp\/v2\/posts"}],"about":[{"href":"http:\/\/www.padrekino.org\/de\/wp-json\/wp\/v2\/types\/post"}],"author":[{"embeddable":true,"href":"http:\/\/www.padrekino.org\/de\/wp-json\/wp\/v2\/users\/3"}],"replies":[{"embeddable":true,"href":"http:\/\/www.padrekino.org\/de\/wp-json\/wp\/v2\/comments?post=3102"}],"version-history":[{"count":0,"href":"http:\/\/www.padrekino.org\/de\/wp-json\/wp\/v2\/posts\/3102\/revisions"}],"wp:attachment":[{"href":"http:\/\/www.padrekino.org\/de\/wp-json\/wp\/v2\/media?parent=3102"}],"wp:term":[{"taxonomy":"category","embeddable":true,"href":"http:\/\/www.padrekino.org\/de\/wp-json\/wp\/v2\/categories?post=3102"},{"taxonomy":"post_tag","embeddable":true,"href":"http:\/\/www.padrekino.org\/de\/wp-json\/wp\/v2\/tags?post=3102"}],"curies":[{"name":"wp","href":"https:\/\/api.w.org\/{rel}","templated":true}]}}