{"id":2381,"date":"2016-08-14T09:00:33","date_gmt":"2016-08-14T07:00:33","guid":{"rendered":"http:\/\/www.padrekino.org\/?p=2381"},"modified":"2016-08-15T22:31:31","modified_gmt":"2016-08-15T20:31:31","slug":"viajando-por-el-camino-de-las-misiones-de-sonora","status":"publish","type":"post","link":"http:\/\/www.padrekino.org\/es\/viajando-por-el-camino-de-las-misiones-de-sonora\/","title":{"rendered":"Viajando por el Camino de las misiones de Sonora en las ondas de una Radio"},"content":{"rendered":"<p><\/p>\n<p style=\"text-align: center;\"><em><strong>Viaje por las ondas de radio a lo largo del Camino de las Misiones \u00a0de Padre Kino<\/strong><br \/>\n<\/em>Desde un post\u00a0del \u00a0perfil\u00a0\u00ab<a href=\"https:\/\/www.facebook.com\/SonoraEnLaHoraNacional\/?fref=ts\">Sonora En La Hora Nacional<\/a>\u00bb\u00a0en\u00a0Facebook<\/p>\n<p>Programa de radio \u00abSonora En La Hora Nacional\u00bb<br \/>\n<a href=\"https:\/\/www.facebook.com\/SonoraEnLaHoraNacional\/\">https:\/\/www.facebook.com\/SonoraEnLaHoraNacional\/<\/a><\/p>\n<p><a href=\"http:\/\/www.padrekino.org\/wp-content\/uploads\/2016\/08\/radio-sonora.png\"><img loading=\"lazy\" class=\"size-medium wp-image-2383 alignnone\" src=\"http:\/\/www.padrekino.org\/wp-content\/uploads\/2016\/08\/radio-sonora-300x44.png\" alt=\"radio sonora\" width=\"300\" height=\"44\" \/><br \/>\n<\/a>Direcci\u00f3n:<br \/>\nObreg\u00f3n #46, entre Ya\u00f1ez y Garmendia, Colonia Centro.<br \/>\nC.P. 83000<br \/>\nHermosillo, Sonora<br \/>\nwebsite:\u00a0<a href=\"http:\/\/www.radiosonora.com.mx\/\">http:\/\/www.radiosonora.com.mx\/<\/a><\/p>\n<p style=\"text-align: justify;\">Este domingo viajaremos por la Ruta de las Misiones de Sonora, recordaremos al Padre Eusebio Francisco Kino en el aniversario de su natalicio, platicamos con el cronista de Magdalena de Kino, nos hablaran del Camino Real de tierra adentro, base de la cultura norte\u00f1a, y escucharemos al cantautor sonorense Lazaro Aviles con un tema de su mas reciente producci\u00f3n.<\/p>\n<p>Conduce Elsa Nu\u00f1ez Esquer<br \/>\n<span style=\"line-height: 28.9px;\">Op. Tecnica: Carlos Rivera<br \/>\n<\/span><span style=\"line-height: 28.9px;\">Realizaci\u00f3n: Sonya Daniels<\/span><\/p>\n<hr \/>\n<p><a href=\"http:\/\/www.padrekino.org\/wp-content\/uploads\/2016\/08\/camino-des-misiones.jpg\"><img loading=\"lazy\" class=\"size-medium wp-image-2388 alignleft\" src=\"http:\/\/www.padrekino.org\/wp-content\/uploads\/2016\/08\/camino-des-misiones-266x300.jpg\" alt=\"camino des misiones\" width=\"266\" height=\"300\" srcset=\"http:\/\/www.padrekino.org\/wp-content\/uploads\/2016\/08\/camino-des-misiones-266x300.jpg 266w, http:\/\/www.padrekino.org\/wp-content\/uploads\/2016\/08\/camino-des-misiones-768x867.jpg 768w, http:\/\/www.padrekino.org\/wp-content\/uploads\/2016\/08\/camino-des-misiones.jpg 850w\" sizes=\"(max-width: 266px) 100vw, 266px\" \/><\/a><\/p>\n<p>&nbsp;<\/p>\n<p><a href=\"https:\/\/www.facebook.com\/SonoraEnLaHoraNacional\/photos\/?tab=album&amp;album_id=952497911527198\">https:\/\/www.facebook.com\/SonoraEnLaHoraNacional\/photos\/?tab=album&amp;album_id=952497911527198<\/a><\/p>\n<p>Descarga:<br \/>\n<a href=\"https:\/\/mega.nz\/#!Ld0giBjT!O5F3NPYsCdphrx2AY_xq1yUIgpAjs0QjI2gbd0CrBBE\">https:\/\/mega.nz\/#!Ld0giBjT!O5F3NPYsCdphrx2AY_xq1yUIgpAjs0QjI2gbd0CrBBE<\/a><\/p>","protected":false},"excerpt":{"rendered":"<p>Viaje por las ondas de radio a lo largo del Camino de las Misiones \u00a0de Padre Kino Desde un post\u00a0del \u00a0perfil\u00a0\u00abSonora En La Hora Nacional\u00bb\u00a0en\u00a0Facebook Programa de radio \u00abSonora En La Hora Nacional\u00bb https:\/\/www.facebook.com\/SonoraEnLaHoraNacional\/ Direcci\u00f3n: Obreg\u00f3n #46, entre Ya\u00f1ez y Garmendia, Colonia Centro. C.P. 83000 Hermosillo, Sonora website:\u00a0http:\/\/www.radiosonora.com.mx\/ Este domingo viajaremos por la Ruta de [&hellip;]<\/p>\n","protected":false},"author":3,"featured_media":0,"comment_status":"closed","ping_status":"closed","sticky":false,"template":"","format":"standard","meta":[],"categories":[1],"tags":[],"yoast_head":"<!-- This site is optimized with the Yoast SEO plugin v15.5 - https:\/\/yoast.com\/wordpress\/plugins\/seo\/ -->\n<title>Viajando por el Camino de las misiones de Sonora en las ondas de una Radio - Padre Kino<\/title>\n<meta name=\"robots\" content=\"index, follow, max-snippet:-1, max-image-preview:large, max-video-preview:-1\" \/>\n<link rel=\"canonical\" href=\"http:\/\/www.padrekino.org\/viajando-por-el-camino-de-las-misiones-de-sonora\/\" \/>\n<meta property=\"og:locale\" content=\"es_ES\" \/>\n<meta property=\"og:type\" content=\"article\" \/>\n<meta property=\"og:title\" content=\"Viajando por el Camino de las misiones de Sonora en las ondas de una Radio - Padre Kino\" \/>\n<meta property=\"og:description\" content=\"Viaje por las ondas de radio a lo largo del Camino de las Misiones \u00a0de Padre Kino Desde un post\u00a0del \u00a0perfil\u00a0\u00abSonora En La Hora Nacional\u00bb\u00a0en\u00a0Facebook Programa de radio \u00abSonora En La Hora Nacional\u00bb https:\/\/www.facebook.com\/SonoraEnLaHoraNacional\/ Direcci\u00f3n: Obreg\u00f3n #46, entre Ya\u00f1ez y Garmendia, Colonia Centro. C.P. 83000 Hermosillo, Sonora website:\u00a0http:\/\/www.radiosonora.com.mx\/ Este domingo viajaremos por la Ruta de [&hellip;]\" \/>\n<meta property=\"og:url\" content=\"http:\/\/www.padrekino.org\/viajando-por-el-camino-de-las-misiones-de-sonora\/\" \/>\n<meta property=\"og:site_name\" content=\"Padre Kino\" \/>\n<meta property=\"article:published_time\" content=\"2016-08-14T07:00:33+00:00\" \/>\n<meta property=\"article:modified_time\" content=\"2016-08-15T20:31:31+00:00\" \/>\n<meta property=\"og:image\" content=\"http:\/\/www.padrekino.org\/wp-content\/uploads\/2016\/08\/radio-sonora-300x44.png\" \/>\n<meta name=\"twitter:card\" content=\"summary\" \/>\n<meta name=\"twitter:label1\" content=\"Tiempo de lectura\">\n\t<meta name=\"twitter:data1\" content=\"3 minutos\">\n<script type=\"application\/ld+json\" class=\"yoast-schema-graph\">{\"@context\":\"https:\/\/schema.org\",\"@graph\":[{\"@type\":\"WebSite\",\"@id\":\"https:\/\/www.padrekino.org\/#website\",\"url\":\"https:\/\/www.padrekino.org\/\",\"name\":\"Padre Kino\",\"description\":\"Padre a Cavallo\",\"potentialAction\":[{\"@type\":\"SearchAction\",\"target\":\"https:\/\/www.padrekino.org\/?s={search_term_string}\",\"query-input\":\"required name=search_term_string\"}],\"inLanguage\":\"es\"},{\"@type\":\"ImageObject\",\"@id\":\"http:\/\/www.padrekino.org\/viajando-por-el-camino-de-las-misiones-de-sonora\/#primaryimage\",\"inLanguage\":\"es\",\"url\":\"http:\/\/www.padrekino.org\/wp-content\/uploads\/2016\/08\/radio-sonora-300x44.png\"},{\"@type\":\"WebPage\",\"@id\":\"http:\/\/www.padrekino.org\/viajando-por-el-camino-de-las-misiones-de-sonora\/#webpage\",\"url\":\"http:\/\/www.padrekino.org\/viajando-por-el-camino-de-las-misiones-de-sonora\/\",\"name\":\"Viajando por el Camino de las misiones de Sonora en las ondas de una Radio - Padre Kino\",\"isPartOf\":{\"@id\":\"https:\/\/www.padrekino.org\/#website\"},\"primaryImageOfPage\":{\"@id\":\"http:\/\/www.padrekino.org\/viajando-por-el-camino-de-las-misiones-de-sonora\/#primaryimage\"},\"datePublished\":\"2016-08-14T07:00:33+00:00\",\"dateModified\":\"2016-08-15T20:31:31+00:00\",\"author\":{\"@id\":\"https:\/\/www.padrekino.org\/#\/schema\/person\/07a72e085e65feb481ecb3fc192df47a\"},\"inLanguage\":\"es\",\"potentialAction\":[{\"@type\":\"ReadAction\",\"target\":[\"http:\/\/www.padrekino.org\/viajando-por-el-camino-de-las-misiones-de-sonora\/\"]}]},{\"@type\":\"Person\",\"@id\":\"https:\/\/www.padrekino.org\/#\/schema\/person\/07a72e085e65feb481ecb3fc192df47a\",\"name\":\"KinoOrg\"}]}<\/script>\n<!-- \/ Yoast SEO plugin. -->","_links":{"self":[{"href":"http:\/\/www.padrekino.org\/es\/wp-json\/wp\/v2\/posts\/2381"}],"collection":[{"href":"http:\/\/www.padrekino.org\/es\/wp-json\/wp\/v2\/posts"}],"about":[{"href":"http:\/\/www.padrekino.org\/es\/wp-json\/wp\/v2\/types\/post"}],"author":[{"embeddable":true,"href":"http:\/\/www.padrekino.org\/es\/wp-json\/wp\/v2\/users\/3"}],"replies":[{"embeddable":true,"href":"http:\/\/www.padrekino.org\/es\/wp-json\/wp\/v2\/comments?post=2381"}],"version-history":[{"count":0,"href":"http:\/\/www.padrekino.org\/es\/wp-json\/wp\/v2\/posts\/2381\/revisions"}],"wp:attachment":[{"href":"http:\/\/www.padrekino.org\/es\/wp-json\/wp\/v2\/media?parent=2381"}],"wp:term":[{"taxonomy":"category","embeddable":true,"href":"http:\/\/www.padrekino.org\/es\/wp-json\/wp\/v2\/categories?post=2381"},{"taxonomy":"post_tag","embeddable":true,"href":"http:\/\/www.padrekino.org\/es\/wp-json\/wp\/v2\/tags?post=2381"}],"curies":[{"name":"wp","href":"https:\/\/api.w.org\/{rel}","templated":true}]}}