{"id":2430,"date":"2016-08-11T20:00:56","date_gmt":"2016-08-11T18:00:56","guid":{"rendered":"http:\/\/www.padrekino.org\/?p=2430"},"modified":"2016-08-16T00:12:49","modified_gmt":"2016-08-15T22:12:49","slug":"reunion-de-trabajo-del-patronato-de-kino","status":"publish","type":"post","link":"http:\/\/www.padrekino.org\/es\/reunion-de-trabajo-del-patronato-de-kino\/","title":{"rendered":"Imuris, Sonora &#8211; Reuni\u00f3n de Trabajo del Patronato de Kino"},"content":{"rendered":"<p><\/p>\n<p style=\"text-align: justify;\"><a href=\"http:\/\/www.padrekino.org\/wp-content\/uploads\/2016\/08\/reunion_1.jpg\"><img loading=\"lazy\" class=\"size-medium wp-image-2432 alignleft\" src=\"http:\/\/www.padrekino.org\/wp-content\/uploads\/2016\/08\/reunion_1-300x225.jpg\" alt=\"reunion_1\" width=\"300\" height=\"225\" srcset=\"http:\/\/www.padrekino.org\/wp-content\/uploads\/2016\/08\/reunion_1-300x225.jpg 300w, http:\/\/www.padrekino.org\/wp-content\/uploads\/2016\/08\/reunion_1-768x576.jpg 768w, http:\/\/www.padrekino.org\/wp-content\/uploads\/2016\/08\/reunion_1-900x675.jpg 900w, http:\/\/www.padrekino.org\/wp-content\/uploads\/2016\/08\/reunion_1.jpg 960w\" sizes=\"(max-width: 300px) 100vw, 300px\" \/><\/a>Por este conducto (E-Mail) les enviamos un afectuoso saludo, adjunto minuta y fotograf\u00edas de la reuni\u00f3n de trabajo\u00a0del Patronato de Kino llevada a cabo el d\u00eda 10 de agosto del a\u00f1o en curso en Imuris, Sonora.<br \/>\nAgradecer\u00e9 enormemente confirmen de recibido por favor.<br \/>\nCualquier aclaraci\u00f3n o\u00a0comentario estoy a sus ordenes.<\/p>\n<p style=\"text-align: justify;\"><a href=\"http:\/\/www.padrekino.org\/wp-content\/uploads\/2016\/08\/reunion_2.jpg\"><img loading=\"lazy\" class=\"size-medium wp-image-2433 alignleft\" src=\"http:\/\/www.padrekino.org\/wp-content\/uploads\/2016\/08\/reunion_2-300x225.jpg\" alt=\"reunion_2\" width=\"300\" height=\"225\" srcset=\"http:\/\/www.padrekino.org\/wp-content\/uploads\/2016\/08\/reunion_2-300x225.jpg 300w, http:\/\/www.padrekino.org\/wp-content\/uploads\/2016\/08\/reunion_2-768x576.jpg 768w, http:\/\/www.padrekino.org\/wp-content\/uploads\/2016\/08\/reunion_2-900x675.jpg 900w, http:\/\/www.padrekino.org\/wp-content\/uploads\/2016\/08\/reunion_2.jpg 960w\" sizes=\"(max-width: 300px) 100vw, 300px\" \/><\/a>Abrazos!<br \/>\nLaura Elena G\u00f2mez Coronado<br \/>\nSecretaria<\/p>\n<p>&nbsp;<\/p>\n<p><img loading=\"lazy\" class=\"size-medium wp-image-2434 alignleft\" src=\"http:\/\/www.padrekino.org\/wp-content\/uploads\/2016\/08\/reunion_3-300x168.jpg\" alt=\"reunion_3\" width=\"300\" height=\"168\" srcset=\"http:\/\/www.padrekino.org\/wp-content\/uploads\/2016\/08\/reunion_3-300x168.jpg 300w, http:\/\/www.padrekino.org\/wp-content\/uploads\/2016\/08\/reunion_3-768x431.jpg 768w, http:\/\/www.padrekino.org\/wp-content\/uploads\/2016\/08\/reunion_3-900x505.jpg 900w, http:\/\/www.padrekino.org\/wp-content\/uploads\/2016\/08\/reunion_3.jpg 960w\" sizes=\"(max-width: 300px) 100vw, 300px\" \/><\/p>\n<p>&nbsp;<\/p>\n<p>&nbsp;<\/p>\n<p>&nbsp;<\/p>\n<p>&nbsp;<\/p>\n<hr \/>\n<p><em>Minutos del la junta:<\/em><\/p>\n<p style=\"text-align: center;\"><strong>Patronato Kino<br \/>\n<\/strong><span style=\"line-height: 28.9px;\">Reuni\u00f3n del d\u00eda 10 de agosto de 2016 en Imuris, Sonora \u201c371 aniversario del Natalicio de Eusebio Francisco Kino\u201d<br \/>\n<\/span>Minuta<\/p>\n<ul>\n<li style=\"text-align: justify;\"><strong> Orden del d\u00eda<\/strong> 11:00 a.m.<br \/>\n*Apertura de sesi\u00f3n<br \/>\n*Oraci\u00f3n del Padre Kino, Traducci\u00f3n: Padre Cota<br \/>\n*Asistencia<br \/>\n*Menci\u00f3n y avance de tareas adquiridas en reuni\u00f3n del 11 de Julio.<br \/>\n*Asuntos Generales<br \/>\n*Clausura<\/li>\n<li style=\"text-align: justify;\"><strong>Apertura de sesi\u00f3n por el Presidente del Patronato Kino<\/strong>: J. Eduardo Robinson, inicia dando la bienvenida de los asistentes y resaltando que ser\u00e1 una reuni\u00f3n muy especial ya que festejamos el 371 aniversario del natalicio de Eusebio Francisco Kino y disculpa a los compa\u00f1eros que no pudieron acompa\u00f1arnos y se reportaron para hacerlo: Padre Jorge Cota, Arturo Soto y Oscar Stevens.<\/li>\n<li style=\"text-align: justify;\"><strong>Oraci\u00f3n del Padre Kino<\/strong>, por Laura Elena G\u00f3mez Coronado y agradece la Traducci\u00f3n realizada por el Padre Jorge Cota.<\/li>\n<li style=\"text-align: justify;\"><strong>Asistencia<\/strong>: J. Eduardo Robinson Haro, Padre Vicente L\u00f3pez, Jerry P. Haas, Alex La Pierre, Carlos Lorenzo Ramos Jara, Laura Elena G\u00f3mez Coronado.<\/li>\n<li style=\"text-align: justify;\"><strong>Menci\u00f3n y avance de tareas adquiridas en reuni\u00f3n del 11 de julio<\/strong><br \/>\n1.- Padre Vicente y Alex: Coordinaci\u00f3n de la exposici\u00f3n \u201cKino, un hombre para todos los pueblos\u201d en la Librer\u00eda Pima County, en Septiembre y Octubre del a\u00f1o en curso, acordaron detalles de la distribuci\u00f3n y acomodo, as\u00ed como la difusi\u00f3n del evento por medio de comunicado de prensa en Arizona realizado por el Padre Vicente, el cual revisaron y complementaron. Quedo pendiente la elaboraci\u00f3n e impresi\u00f3n de las fichas para cada pieza expuesta, la cual estar\u00e1 a cargo de Eduardo, Alex y Laura. Qued\u00f3 pendiente tambi\u00e9n elaborar e imprimir el objetivo de la exposici\u00f3n para que est\u00e9 disponible para los asistentes, el cual estar\u00e1 a cargo del Padre Vicente. El montaje de la exposici\u00f3n se acord\u00f3 que ser\u00e1 los d\u00edas 3 y 4 de septiembre para abrir al p\u00fablico el d\u00eda 6 ya que el d\u00eda 5 est\u00e1 cerrada la Librer\u00eda. Difusi\u00f3n de la exposici\u00f3n en la prensa de Sonora y Arizona, acordando realizar comunicado Laura en espa\u00f1ol y Alex en ingles.<\/li>\n<li style=\"text-align: justify;\">2.-Jerry, coordina el Tour de las Misiones quien propone tener material impreso informativo de los Tours en la mesa de informaci\u00f3n durante la exposici\u00f3n \u201cKino, un hombre para todos los pueblos\u201d.3.-Laura, Oscar y Alex, coordinaci\u00f3n de los Simposium a realizarse durante el mes de marzo en Imuris y Tumacacori, dentro de las fiestas Patronales de Nuestro Se\u00f1or San Jos\u00e9 y en el aniversario de la fundaci\u00f3n de la Misi\u00f3n de Imuris, el 19 de marzo de 1687\u00a0Como avance de esta tarea ya se llev\u00f3 a cabo reuni\u00f3n con el Padre Guillermo, Parroco de Imuris y Laura el d\u00eca 09 de Julio, para proponer la iniciativa de participaci\u00f3n del Patronato, mostrando disposici\u00f3n absoluta para la realizaci\u00f3n de este simposium y mostrando mucho inter\u00e9s en colaborar en la coordinaci\u00f3n del mismo. Se sugirieron las siguientes fechas a reserva de confirmaci\u00f3n de acuerdo a los organizadores de estos eventos; Imuris, s\u00e1bado 18 de marzo de 2017, Tumacacori, s\u00e1bado 25 de marzo de 2017. Se propusieron temas espec\u00edficos como, ganader\u00eda y huertos misionales Se propusieron posibles participaciones como de historiadores Sonorenses y de Arizona, participaci\u00f3n de INAH, Universidad de Arizona, Raquel Padilla, Peter Howard.<\/li>\n<li style=\"text-align: justify;\">\u00a0<strong>Asuntos generales<\/strong>:<br \/>\n<span style=\"line-height: 28.9px;\">1. &#8211; Laura propone darle m\u00e1s movimiento a la p\u00e1gina de face del Patronato de kino, con la finalidad de utilizarla como medio de difusi\u00f3n de la obra y legado del Padre Kino mediante las actividades que realiza este Patronato para poder llegar a m\u00e1s personas, considerando que hoy en dia las redes sociales son un medio comunicativo muy importante que involucra principalmente a las nuevas generaciones que es donde m\u00e1s nos interesa llegar con la difusi\u00f3n de estas actividades tan interesantes que est\u00e1 llevando a cabo este Patronato tanto en Sonora como en Arizona. Una opci\u00f3n es integrar mas administradores de la pagina para subir informaci\u00f3n con regularidad y frecuencia.<\/span>-Aumentar el n\u00famero de LIKE -Estuvieron de acuerdo todos los asistentes.<br \/>\n-El administrador actual es Oscar Stevens y nos ofrecemos Laura y Alex para colaboradores.<\/li>\n<li style=\"text-align: justify;\">2.- El padre Vicente adelanto informaci\u00f3n de las pr\u00f3ximas actividades como: *12 de Octubre, honrando el mes hispano, d\u00eda de la raza, evento con beneficio econ\u00f3mico para fondos del Patronato en la Parroquia de Fatima en Tucson, Arizona.*15 de octubre, Tardeada de gala de 2 a 4 p.m. en la Librer\u00eda Pima County Programa: &#8211; Himno de Kino, Ram\u00f3n L\u00f3pez Ortega (invitarlo a participar)<br \/>\n-Gerardo Balderrama\/ Guitarrista cl\u00e1sico de Ensenada<br \/>\n-Presentaci\u00f3n del libro de poes\u00eda de Jane3.- Carlos Ramos propone la realizaci\u00f3n de una sesi\u00f3n fotogr\u00e1fica con personaje de Kino caracterizado por el mismo en los diferentes lugares en donde estuvo el Padre Kino en M\u00e9xico como en Guadalajara, Quer\u00e9taro, Misiones de sonora y Arizona con la finalidad de contar con material ilustrativo y promoverlo de igual forma en las diversas actividades programadas.4.- Se acuerda lugar y fecha para la pr\u00f3xima reuni\u00f3n: Mi\u00e9rcoles 31 de agosto a las 11:00 a.m. en la Misi\u00f3n de Tumacacori.<\/li>\n<li style=\"text-align: justify;\">\u00a0Clausura de reuni\u00f3n por el Presidente del Patronato de Kino, Eduardo Robinson H.<\/li>\n<\/ul>\n<p>Elabor\u00f3: Laura Elena G\u00f3mez Coronado, Secretaria<\/p>\n<hr \/>\n<p style=\"text-align: justify;\">descargar el formato pdf:<br \/>\n<a href=\"http:\/\/www.padrekino.org\/wp-content\/uploads\/2016\/08\/minutos-del-la-junta.pdf\">minutos del la junta<\/a><\/p>\n<p><\/p>","protected":false},"excerpt":{"rendered":"<p>Por este conducto (E-Mail) les enviamos un afectuoso saludo, adjunto minuta y fotograf\u00edas de la reuni\u00f3n de trabajo\u00a0del Patronato de Kino llevada a cabo el d\u00eda 10 de agosto del a\u00f1o en curso en Imuris, Sonora. Agradecer\u00e9 enormemente confirmen de recibido por favor. Cualquier aclaraci\u00f3n o\u00a0comentario estoy a sus ordenes. Abrazos! Laura Elena G\u00f2mez Coronado [&hellip;]<\/p>\n","protected":false},"author":3,"featured_media":0,"comment_status":"closed","ping_status":"closed","sticky":false,"template":"","format":"standard","meta":[],"categories":[1],"tags":[],"yoast_head":"<!-- This site is optimized with the Yoast SEO plugin v15.5 - https:\/\/yoast.com\/wordpress\/plugins\/seo\/ -->\n<title>Imuris, Sonora - Reuni\u00f3n de Trabajo del Patronato de Kino - Padre Kino<\/title>\n<meta name=\"robots\" content=\"index, follow, max-snippet:-1, max-image-preview:large, max-video-preview:-1\" \/>\n<link rel=\"canonical\" href=\"http:\/\/www.padrekino.org\/reunion-de-trabajo-del-patronato-de-kino\/\" \/>\n<meta property=\"og:locale\" content=\"es_ES\" \/>\n<meta property=\"og:type\" content=\"article\" \/>\n<meta property=\"og:title\" content=\"Imuris, Sonora - Reuni\u00f3n de Trabajo del Patronato de Kino - Padre Kino\" \/>\n<meta property=\"og:description\" content=\"Por este conducto (E-Mail) les enviamos un afectuoso saludo, adjunto minuta y fotograf\u00edas de la reuni\u00f3n de trabajo\u00a0del Patronato de Kino llevada a cabo el d\u00eda 10 de agosto del a\u00f1o en curso en Imuris, Sonora. Agradecer\u00e9 enormemente confirmen de recibido por favor. Cualquier aclaraci\u00f3n o\u00a0comentario estoy a sus ordenes. Abrazos! Laura Elena G\u00f2mez Coronado [&hellip;]\" \/>\n<meta property=\"og:url\" content=\"http:\/\/www.padrekino.org\/reunion-de-trabajo-del-patronato-de-kino\/\" \/>\n<meta property=\"og:site_name\" content=\"Padre Kino\" \/>\n<meta property=\"article:published_time\" content=\"2016-08-11T18:00:56+00:00\" \/>\n<meta property=\"article:modified_time\" content=\"2016-08-15T22:12:49+00:00\" \/>\n<meta property=\"og:image\" content=\"http:\/\/www.padrekino.org\/wp-content\/uploads\/2016\/08\/reunion_1-300x225.jpg\" \/>\n<meta name=\"twitter:card\" content=\"summary\" \/>\n<meta name=\"twitter:label1\" content=\"Tiempo de lectura\">\n\t<meta name=\"twitter:data1\" content=\"4 minutos\">\n<script type=\"application\/ld+json\" class=\"yoast-schema-graph\">{\"@context\":\"https:\/\/schema.org\",\"@graph\":[{\"@type\":\"WebSite\",\"@id\":\"https:\/\/www.padrekino.org\/#website\",\"url\":\"https:\/\/www.padrekino.org\/\",\"name\":\"Padre Kino\",\"description\":\"Padre a Cavallo\",\"potentialAction\":[{\"@type\":\"SearchAction\",\"target\":\"https:\/\/www.padrekino.org\/?s={search_term_string}\",\"query-input\":\"required name=search_term_string\"}],\"inLanguage\":\"es\"},{\"@type\":\"ImageObject\",\"@id\":\"http:\/\/www.padrekino.org\/reunion-de-trabajo-del-patronato-de-kino\/#primaryimage\",\"inLanguage\":\"es\",\"url\":\"http:\/\/www.padrekino.org\/wp-content\/uploads\/2016\/08\/reunion_1.jpg\",\"width\":960,\"height\":720},{\"@type\":\"WebPage\",\"@id\":\"http:\/\/www.padrekino.org\/reunion-de-trabajo-del-patronato-de-kino\/#webpage\",\"url\":\"http:\/\/www.padrekino.org\/reunion-de-trabajo-del-patronato-de-kino\/\",\"name\":\"Imuris, Sonora - Reuni\\u00f3n de Trabajo del Patronato de Kino - Padre Kino\",\"isPartOf\":{\"@id\":\"https:\/\/www.padrekino.org\/#website\"},\"primaryImageOfPage\":{\"@id\":\"http:\/\/www.padrekino.org\/reunion-de-trabajo-del-patronato-de-kino\/#primaryimage\"},\"datePublished\":\"2016-08-11T18:00:56+00:00\",\"dateModified\":\"2016-08-15T22:12:49+00:00\",\"author\":{\"@id\":\"https:\/\/www.padrekino.org\/#\/schema\/person\/07a72e085e65feb481ecb3fc192df47a\"},\"inLanguage\":\"es\",\"potentialAction\":[{\"@type\":\"ReadAction\",\"target\":[\"http:\/\/www.padrekino.org\/reunion-de-trabajo-del-patronato-de-kino\/\"]}]},{\"@type\":\"Person\",\"@id\":\"https:\/\/www.padrekino.org\/#\/schema\/person\/07a72e085e65feb481ecb3fc192df47a\",\"name\":\"KinoOrg\"}]}<\/script>\n<!-- \/ Yoast SEO plugin. -->","_links":{"self":[{"href":"http:\/\/www.padrekino.org\/es\/wp-json\/wp\/v2\/posts\/2430"}],"collection":[{"href":"http:\/\/www.padrekino.org\/es\/wp-json\/wp\/v2\/posts"}],"about":[{"href":"http:\/\/www.padrekino.org\/es\/wp-json\/wp\/v2\/types\/post"}],"author":[{"embeddable":true,"href":"http:\/\/www.padrekino.org\/es\/wp-json\/wp\/v2\/users\/3"}],"replies":[{"embeddable":true,"href":"http:\/\/www.padrekino.org\/es\/wp-json\/wp\/v2\/comments?post=2430"}],"version-history":[{"count":0,"href":"http:\/\/www.padrekino.org\/es\/wp-json\/wp\/v2\/posts\/2430\/revisions"}],"wp:attachment":[{"href":"http:\/\/www.padrekino.org\/es\/wp-json\/wp\/v2\/media?parent=2430"}],"wp:term":[{"taxonomy":"category","embeddable":true,"href":"http:\/\/www.padrekino.org\/es\/wp-json\/wp\/v2\/categories?post=2430"},{"taxonomy":"post_tag","embeddable":true,"href":"http:\/\/www.padrekino.org\/es\/wp-json\/wp\/v2\/tags?post=2430"}],"curies":[{"name":"wp","href":"https:\/\/api.w.org\/{rel}","templated":true}]}}