{"id":2875,"date":"2016-12-22T20:00:20","date_gmt":"2016-12-22T19:00:20","guid":{"rendered":"http:\/\/www.padrekino.org\/?p=2875"},"modified":"2016-12-28T23:38:05","modified_gmt":"2016-12-28T22:38:05","slug":"i-giovani-di-kino-e-la-kino-boarder-initiative","status":"publish","type":"post","link":"http:\/\/www.padrekino.org\/es\/i-giovani-di-kino-e-la-kino-boarder-initiative\/","title":{"rendered":"Kino Teens y la Kino Boarder Initiative &#8211; (Iniciativa Fronteriza de Kino)"},"content":{"rendered":"<p><\/p>\n<p style=\"text-align: justify;\"><span style=\"color: #b02823;\">Es significativo que la figura del Padre Kino ha inspirado a algunos j\u00f3venes de Sonora (M\u00e9xico) y Arizona a unir fuerzas para llevar ayuda a los migrantes en la frontera entre los dos pa\u00edses en Nogales.<\/span><\/p>\n<p style=\"text-align: justify;\"><a href=\"http:\/\/www.padrekino.org\/wp-content\/uploads\/2016\/12\/15740962_1383267535051564_3607141864102040681_n.png\"><img loading=\"lazy\" class=\"size-medium wp-image-2879 alignleft\" src=\"http:\/\/www.padrekino.org\/wp-content\/uploads\/2016\/12\/15740962_1383267535051564_3607141864102040681_n-222x300.png\" alt=\"15740962_1383267535051564_3607141864102040681_n\" width=\"222\" height=\"300\" srcset=\"http:\/\/www.padrekino.org\/wp-content\/uploads\/2016\/12\/15740962_1383267535051564_3607141864102040681_n-222x300.png 222w, http:\/\/www.padrekino.org\/wp-content\/uploads\/2016\/12\/15740962_1383267535051564_3607141864102040681_n.png 400w\" sizes=\"(max-width: 222px) 100vw, 222px\" \/><\/a>Los Jovenes de Kino son\u00a0jovenes que tienen una\u00a0afilicacion con la Kino Border Initiative (Iniciativa de Kino para la Frontera). Trabajan con sacerdotes Jesuitas que siguen los pasos del Padre Kino, el sobresaliente misionero Jesuita que llego primero a esta area. Al igual que \u00e9l, tratan de llevar la justicia, la prosperidad econ\u00f3mica y la fe al norte de M\u00e9xico y Arizona.<\/p>\n<p style=\"text-align: justify;\">Personas afiliadas pueden ayudar personalmente en la frontera o pueden contribuir a la obra recolectando fondos, comida, y ropa.<a href=\"http:\/\/www.padrekino.org\/wp-content\/uploads\/2016\/12\/15697610_1383263678385283_2776556659643655628_n.jpg\"><img loading=\"lazy\" class=\"size-medium wp-image-2888 alignnone\" src=\"http:\/\/www.padrekino.org\/wp-content\/uploads\/2016\/12\/15697610_1383263678385283_2776556659643655628_n-300x286.jpg\" alt=\"15697610_1383263678385283_2776556659643655628_n\" width=\"300\" height=\"286\" srcset=\"http:\/\/www.padrekino.org\/wp-content\/uploads\/2016\/12\/15697610_1383263678385283_2776556659643655628_n-300x286.jpg 300w, http:\/\/www.padrekino.org\/wp-content\/uploads\/2016\/12\/15697610_1383263678385283_2776556659643655628_n-768x732.jpg 768w, http:\/\/www.padrekino.org\/wp-content\/uploads\/2016\/12\/15697610_1383263678385283_2776556659643655628_n-900x858.jpg 900w, http:\/\/www.padrekino.org\/wp-content\/uploads\/2016\/12\/15697610_1383263678385283_2776556659643655628_n.jpg 960w\" sizes=\"(max-width: 300px) 100vw, 300px\" \/><\/a><\/p>\n<p>Ver m\u00e1s en su perfil de Facebook en:<br \/>\n<a href=\"https:\/\/www.facebook.com\/Kino-Teens-178528212192175\/\">https:\/\/www.facebook.com\/Kino-Teens-178528212192175\/<\/a><\/p>","protected":false},"excerpt":{"rendered":"<p>Es significativo que la figura del Padre Kino ha inspirado a algunos j\u00f3venes de Sonora (M\u00e9xico) y Arizona a unir fuerzas para llevar ayuda a los migrantes en la frontera entre los dos pa\u00edses en Nogales. Los Jovenes de Kino son\u00a0jovenes que tienen una\u00a0afilicacion con la Kino Border Initiative (Iniciativa de Kino para la Frontera). [&hellip;]<\/p>\n","protected":false},"author":3,"featured_media":0,"comment_status":"closed","ping_status":"closed","sticky":false,"template":"","format":"standard","meta":[],"categories":[1],"tags":[],"yoast_head":"<!-- This site is optimized with the Yoast SEO plugin v15.5 - https:\/\/yoast.com\/wordpress\/plugins\/seo\/ -->\n<title>Kino Teens y la Kino Boarder Initiative - (Iniciativa Fronteriza de Kino) - Padre Kino<\/title>\n<meta name=\"robots\" content=\"index, follow, max-snippet:-1, max-image-preview:large, max-video-preview:-1\" \/>\n<link rel=\"canonical\" href=\"https:\/\/www.padrekino.org\/de\/i-giovani-di-kino-e-la-kino-boarder-initiative\/\" \/>\n<meta property=\"og:locale\" content=\"es_ES\" \/>\n<meta property=\"og:type\" content=\"article\" \/>\n<meta property=\"og:title\" content=\"Kino Teens y la Kino Boarder Initiative - (Iniciativa Fronteriza de Kino) - Padre Kino\" \/>\n<meta property=\"og:description\" content=\"Es significativo que la figura del Padre Kino ha inspirado a algunos j\u00f3venes de Sonora (M\u00e9xico) y Arizona a unir fuerzas para llevar ayuda a los migrantes en la frontera entre los dos pa\u00edses en Nogales. Los Jovenes de Kino son\u00a0jovenes que tienen una\u00a0afilicacion con la Kino Border Initiative (Iniciativa de Kino para la Frontera). [&hellip;]\" \/>\n<meta property=\"og:url\" content=\"https:\/\/www.padrekino.org\/de\/i-giovani-di-kino-e-la-kino-boarder-initiative\/\" \/>\n<meta property=\"og:site_name\" content=\"Padre Kino\" \/>\n<meta property=\"article:published_time\" content=\"2016-12-22T19:00:20+00:00\" \/>\n<meta property=\"article:modified_time\" content=\"2016-12-28T22:38:05+00:00\" \/>\n<meta property=\"og:image\" content=\"http:\/\/www.padrekino.org\/wp-content\/uploads\/2016\/12\/15740962_1383267535051564_3607141864102040681_n-222x300.png\" \/>\n<meta name=\"twitter:card\" content=\"summary\" \/>\n<meta name=\"twitter:label1\" content=\"Tiempo de lectura\">\n\t<meta name=\"twitter:data1\" content=\"2 minutos\">\n<script type=\"application\/ld+json\" class=\"yoast-schema-graph\">{\"@context\":\"https:\/\/schema.org\",\"@graph\":[{\"@type\":\"WebSite\",\"@id\":\"https:\/\/www.padrekino.org\/#website\",\"url\":\"https:\/\/www.padrekino.org\/\",\"name\":\"Padre Kino\",\"description\":\"Padre a Cavallo\",\"potentialAction\":[{\"@type\":\"SearchAction\",\"target\":\"https:\/\/www.padrekino.org\/?s={search_term_string}\",\"query-input\":\"required name=search_term_string\"}],\"inLanguage\":\"es\"},{\"@type\":\"ImageObject\",\"@id\":\"https:\/\/www.padrekino.org\/de\/i-giovani-di-kino-e-la-kino-boarder-initiative\/#primaryimage\",\"inLanguage\":\"es\",\"url\":\"http:\/\/www.padrekino.org\/wp-content\/uploads\/2016\/12\/15740962_1383267535051564_3607141864102040681_n.png\",\"width\":400,\"height\":540},{\"@type\":\"WebPage\",\"@id\":\"https:\/\/www.padrekino.org\/de\/i-giovani-di-kino-e-la-kino-boarder-initiative\/#webpage\",\"url\":\"https:\/\/www.padrekino.org\/de\/i-giovani-di-kino-e-la-kino-boarder-initiative\/\",\"name\":\"Kino Teens y la Kino Boarder Initiative - (Iniciativa Fronteriza de Kino) - Padre Kino\",\"isPartOf\":{\"@id\":\"https:\/\/www.padrekino.org\/#website\"},\"primaryImageOfPage\":{\"@id\":\"https:\/\/www.padrekino.org\/de\/i-giovani-di-kino-e-la-kino-boarder-initiative\/#primaryimage\"},\"datePublished\":\"2016-12-22T19:00:20+00:00\",\"dateModified\":\"2016-12-28T22:38:05+00:00\",\"author\":{\"@id\":\"https:\/\/www.padrekino.org\/#\/schema\/person\/07a72e085e65feb481ecb3fc192df47a\"},\"inLanguage\":\"es\",\"potentialAction\":[{\"@type\":\"ReadAction\",\"target\":[\"https:\/\/www.padrekino.org\/de\/i-giovani-di-kino-e-la-kino-boarder-initiative\/\"]}]},{\"@type\":\"Person\",\"@id\":\"https:\/\/www.padrekino.org\/#\/schema\/person\/07a72e085e65feb481ecb3fc192df47a\",\"name\":\"KinoOrg\"}]}<\/script>\n<!-- \/ Yoast SEO plugin. -->","_links":{"self":[{"href":"http:\/\/www.padrekino.org\/es\/wp-json\/wp\/v2\/posts\/2875"}],"collection":[{"href":"http:\/\/www.padrekino.org\/es\/wp-json\/wp\/v2\/posts"}],"about":[{"href":"http:\/\/www.padrekino.org\/es\/wp-json\/wp\/v2\/types\/post"}],"author":[{"embeddable":true,"href":"http:\/\/www.padrekino.org\/es\/wp-json\/wp\/v2\/users\/3"}],"replies":[{"embeddable":true,"href":"http:\/\/www.padrekino.org\/es\/wp-json\/wp\/v2\/comments?post=2875"}],"version-history":[{"count":0,"href":"http:\/\/www.padrekino.org\/es\/wp-json\/wp\/v2\/posts\/2875\/revisions"}],"wp:attachment":[{"href":"http:\/\/www.padrekino.org\/es\/wp-json\/wp\/v2\/media?parent=2875"}],"wp:term":[{"taxonomy":"category","embeddable":true,"href":"http:\/\/www.padrekino.org\/es\/wp-json\/wp\/v2\/categories?post=2875"},{"taxonomy":"post_tag","embeddable":true,"href":"http:\/\/www.padrekino.org\/es\/wp-json\/wp\/v2\/tags?post=2875"}],"curies":[{"name":"wp","href":"https:\/\/api.w.org\/{rel}","templated":true}]}}