{"id":3329,"date":"2017-05-24T00:00:49","date_gmt":"2017-05-23T22:00:49","guid":{"rendered":"http:\/\/www.padrekino.org\/?p=3329"},"modified":"2017-05-24T01:24:38","modified_gmt":"2017-05-23T23:24:38","slug":"imagenes-del-festival-kino-2017","status":"publish","type":"post","link":"http:\/\/www.padrekino.org\/es\/imagenes-del-festival-kino-2017\/","title":{"rendered":"Im\u00e1genes y v\u00eddeo del Festival Kino 2017"},"content":{"rendered":"<p><\/p>\n<p style=\"text-align: justify;\">Un sincero agradecimiento a los amigos mexicanos de Magdalena de Kino para la organizaci\u00f3n de la 20\u00aa edici\u00f3n del festival que lleva el nombre de nuestro misionero Padre Kino!<\/p>\n<p style=\"text-align: center;\"><span style=\"color: #ff0000;\">El Festival Kino cerr\u00f3 la edici\u00f3n m\u00e1s exitosa de su historia!!<\/span><\/p>\n<p style=\"text-align: center;\"><a href=\"http:\/\/www.padrekino.org\/wp-content\/uploads\/2017\/05\/gracias-Magdalena.jpg\"><img loading=\"lazy\" class=\"alignnone size-medium wp-image-3330\" src=\"http:\/\/www.padrekino.org\/wp-content\/uploads\/2017\/05\/gracias-Magdalena-300x225.jpg\" alt=\"\" width=\"300\" height=\"225\" srcset=\"http:\/\/www.padrekino.org\/wp-content\/uploads\/2017\/05\/gracias-Magdalena-300x225.jpg 300w, http:\/\/www.padrekino.org\/wp-content\/uploads\/2017\/05\/gracias-Magdalena-768x576.jpg 768w, http:\/\/www.padrekino.org\/wp-content\/uploads\/2017\/05\/gracias-Magdalena-1024x768.jpg 1024w, http:\/\/www.padrekino.org\/wp-content\/uploads\/2017\/05\/gracias-Magdalena-900x675.jpg 900w, http:\/\/www.padrekino.org\/wp-content\/uploads\/2017\/05\/gracias-Magdalena-1280x960.jpg 1280w, http:\/\/www.padrekino.org\/wp-content\/uploads\/2017\/05\/gracias-Magdalena.jpg 2048w\" sizes=\"(max-width: 300px) 100vw, 300px\" \/><\/a><\/p>\n<p style=\"text-align: center;\">Muchas Gracias Magdalena!!<\/p>\n<hr \/>\n<p><iframe width=\"629\" height=\"354\" src=\"https:\/\/www.youtube.com\/embed\/9nMEbUmNNus?feature=oembed\" frameborder=\"0\" allowfullscreen><\/iframe><\/p>\n<hr \/>\n<p><iframe width=\"629\" height=\"354\" src=\"https:\/\/www.youtube.com\/embed\/7AQ00QSXAa0?feature=oembed\" frameborder=\"0\" allowfullscreen><\/iframe><\/p>\n<hr \/>\n<p style=\"text-align: center;\"><a href=\"https:\/\/www.facebook.com\/notes\/festival-kino\/el-festival-kino-cerr%C3%B3-la-edici%C3%B3n-m%C3%A1s-exitosa-de-su-historia\/1760566544255070\/\">https:\/\/www.facebook.com\/notes\/festival-kino\/el-festival-kino-cerr%C3%B3-la-edici%C3%B3n-m%C3%A1s-exitosa-de-su-historia\/1760566544255070\/<\/a><\/p>\n<hr \/>\n<p style=\"text-align: center;\"><a href=\"https:\/\/www.facebook.com\/AyuntamientoDeMagdalena\/?pnref=story\">https:\/\/www.facebook.com\/AyuntamientoDeMagdalena\/?pnref=story<\/a><\/p>\n<hr \/>\n<p style=\"text-align: center;\"><a href=\"https:\/\/www.facebook.com\/FestivalKino.ISC\/?hc_ref=SEARCH\">https:\/\/www.facebook.com\/FestivalKino.ISC\/?hc_ref=SEARCH<\/a><\/p>\n<p><\/p>","protected":false},"excerpt":{"rendered":"<p>Un sincero agradecimiento a los amigos mexicanos de Magdalena de Kino para la organizaci\u00f3n de la 20\u00aa edici\u00f3n del festival que lleva el nombre de nuestro misionero Padre Kino! El Festival Kino cerr\u00f3 la edici\u00f3n m\u00e1s exitosa de su historia!! Muchas Gracias Magdalena!! https:\/\/www.facebook.com\/notes\/festival-kino\/el-festival-kino-cerr%C3%B3-la-edici%C3%B3n-m%C3%A1s-exitosa-de-su-historia\/1760566544255070\/ https:\/\/www.facebook.com\/AyuntamientoDeMagdalena\/?pnref=story https:\/\/www.facebook.com\/FestivalKino.ISC\/?hc_ref=SEARCH<\/p>\n","protected":false},"author":3,"featured_media":0,"comment_status":"closed","ping_status":"closed","sticky":false,"template":"","format":"standard","meta":[],"categories":[1],"tags":[],"yoast_head":"<!-- This site is optimized with the Yoast SEO plugin v15.5 - https:\/\/yoast.com\/wordpress\/plugins\/seo\/ -->\n<title>Im\u00e1genes y v\u00eddeo del Festival Kino 2017 - Padre Kino<\/title>\n<meta name=\"robots\" content=\"index, follow, max-snippet:-1, max-image-preview:large, max-video-preview:-1\" \/>\n<link rel=\"canonical\" href=\"http:\/\/www.padrekino.org\/es\/imagenes-del-festival-kino-2017\/\" \/>\n<meta property=\"og:locale\" content=\"es_ES\" \/>\n<meta property=\"og:type\" content=\"article\" \/>\n<meta property=\"og:title\" content=\"Im\u00e1genes y v\u00eddeo del Festival Kino 2017 - Padre Kino\" \/>\n<meta property=\"og:description\" content=\"Un sincero agradecimiento a los amigos mexicanos de Magdalena de Kino para la organizaci\u00f3n de la 20\u00aa edici\u00f3n del festival que lleva el nombre de nuestro misionero Padre Kino! El Festival Kino cerr\u00f3 la edici\u00f3n m\u00e1s exitosa de su historia!! Muchas Gracias Magdalena!! https:\/\/www.facebook.com\/notes\/festival-kino\/el-festival-kino-cerr%C3%B3-la-edici%C3%B3n-m%C3%A1s-exitosa-de-su-historia\/1760566544255070\/ https:\/\/www.facebook.com\/AyuntamientoDeMagdalena\/?pnref=story https:\/\/www.facebook.com\/FestivalKino.ISC\/?hc_ref=SEARCH\" \/>\n<meta property=\"og:url\" content=\"http:\/\/www.padrekino.org\/es\/imagenes-del-festival-kino-2017\/\" \/>\n<meta property=\"og:site_name\" content=\"Padre Kino\" \/>\n<meta property=\"article:published_time\" content=\"2017-05-23T22:00:49+00:00\" \/>\n<meta property=\"article:modified_time\" content=\"2017-05-23T23:24:38+00:00\" \/>\n<meta property=\"og:image\" content=\"http:\/\/www.padrekino.org\/wp-content\/uploads\/2017\/05\/gracias-Magdalena-300x225.jpg\" \/>\n<meta name=\"twitter:card\" content=\"summary\" \/>\n<meta name=\"twitter:label1\" content=\"Tiempo de lectura\">\n\t<meta name=\"twitter:data1\" content=\"1 minuto\">\n<script type=\"application\/ld+json\" class=\"yoast-schema-graph\">{\"@context\":\"https:\/\/schema.org\",\"@graph\":[{\"@type\":\"WebSite\",\"@id\":\"http:\/\/www.padrekino.org\/de\/#website\",\"url\":\"http:\/\/www.padrekino.org\/de\/\",\"name\":\"Padre Kino\",\"description\":\"Padre a Cavallo\",\"potentialAction\":[{\"@type\":\"SearchAction\",\"target\":\"http:\/\/www.padrekino.org\/de\/?s={search_term_string}\",\"query-input\":\"required name=search_term_string\"}],\"inLanguage\":\"es\"},{\"@type\":\"ImageObject\",\"@id\":\"http:\/\/www.padrekino.org\/es\/imagenes-del-festival-kino-2017\/#primaryimage\",\"inLanguage\":\"es\",\"url\":\"http:\/\/www.padrekino.org\/wp-content\/uploads\/2017\/05\/gracias-Magdalena.jpg\",\"width\":2048,\"height\":1536},{\"@type\":\"WebPage\",\"@id\":\"http:\/\/www.padrekino.org\/es\/imagenes-del-festival-kino-2017\/#webpage\",\"url\":\"http:\/\/www.padrekino.org\/es\/imagenes-del-festival-kino-2017\/\",\"name\":\"Im\\u00e1genes y v\\u00eddeo del Festival Kino 2017 - Padre Kino\",\"isPartOf\":{\"@id\":\"http:\/\/www.padrekino.org\/de\/#website\"},\"primaryImageOfPage\":{\"@id\":\"http:\/\/www.padrekino.org\/es\/imagenes-del-festival-kino-2017\/#primaryimage\"},\"datePublished\":\"2017-05-23T22:00:49+00:00\",\"dateModified\":\"2017-05-23T23:24:38+00:00\",\"author\":{\"@id\":\"http:\/\/www.padrekino.org\/de\/#\/schema\/person\/07a72e085e65feb481ecb3fc192df47a\"},\"inLanguage\":\"es\",\"potentialAction\":[{\"@type\":\"ReadAction\",\"target\":[\"http:\/\/www.padrekino.org\/es\/imagenes-del-festival-kino-2017\/\"]}]},{\"@type\":\"Person\",\"@id\":\"http:\/\/www.padrekino.org\/de\/#\/schema\/person\/07a72e085e65feb481ecb3fc192df47a\",\"name\":\"KinoOrg\"}]}<\/script>\n<!-- \/ Yoast SEO plugin. -->","_links":{"self":[{"href":"http:\/\/www.padrekino.org\/es\/wp-json\/wp\/v2\/posts\/3329"}],"collection":[{"href":"http:\/\/www.padrekino.org\/es\/wp-json\/wp\/v2\/posts"}],"about":[{"href":"http:\/\/www.padrekino.org\/es\/wp-json\/wp\/v2\/types\/post"}],"author":[{"embeddable":true,"href":"http:\/\/www.padrekino.org\/es\/wp-json\/wp\/v2\/users\/3"}],"replies":[{"embeddable":true,"href":"http:\/\/www.padrekino.org\/es\/wp-json\/wp\/v2\/comments?post=3329"}],"version-history":[{"count":0,"href":"http:\/\/www.padrekino.org\/es\/wp-json\/wp\/v2\/posts\/3329\/revisions"}],"wp:attachment":[{"href":"http:\/\/www.padrekino.org\/es\/wp-json\/wp\/v2\/media?parent=3329"}],"wp:term":[{"taxonomy":"category","embeddable":true,"href":"http:\/\/www.padrekino.org\/es\/wp-json\/wp\/v2\/categories?post=3329"},{"taxonomy":"post_tag","embeddable":true,"href":"http:\/\/www.padrekino.org\/es\/wp-json\/wp\/v2\/tags?post=3329"}],"curies":[{"name":"wp","href":"https:\/\/api.w.org\/{rel}","templated":true}]}}