{"id":3405,"date":"2017-05-29T23:05:49","date_gmt":"2017-05-29T21:05:49","guid":{"rendered":"http:\/\/www.padrekino.org\/?p=3405"},"modified":"2017-05-29T23:07:08","modified_gmt":"2017-05-29T21:07:08","slug":"completado-el-rollo-de-pelicula-documental-de-aurora-vision","status":"publish","type":"post","link":"http:\/\/www.padrekino.org\/es\/completado-el-rollo-de-pelicula-documental-de-aurora-vision\/","title":{"rendered":"Completado el rollo de pel\u00edcula-documental de Aurora Vision"},"content":{"rendered":"<p><\/p>\n<p style=\"text-align: justify;\"><a href=\"http:\/\/www.padrekino.org\/wp-content\/uploads\/2017\/05\/adieu.jpg\"><img loading=\"lazy\" class=\"size-medium wp-image-3406 alignleft\" src=\"http:\/\/www.padrekino.org\/wp-content\/uploads\/2017\/05\/adieu-300x225.jpg\" alt=\"\" width=\"300\" height=\"225\" srcset=\"http:\/\/www.padrekino.org\/wp-content\/uploads\/2017\/05\/adieu-300x225.jpg 300w, http:\/\/www.padrekino.org\/wp-content\/uploads\/2017\/05\/adieu-768x576.jpg 768w, http:\/\/www.padrekino.org\/wp-content\/uploads\/2017\/05\/adieu-900x675.jpg 900w, http:\/\/www.padrekino.org\/wp-content\/uploads\/2017\/05\/adieu.jpg 960w\" sizes=\"(max-width: 300px) 100vw, 300px\" \/><\/a>Despu\u00e9s de 8 d\u00edas entre Arizona (EE.UU.) y Sonora (M\u00e9xico), filmando la vida aventurera y heroica del Padre Kino y el patrimonio espiritual y material que dej\u00f3 en esos territorios, el equipo de Aurora Vision vuelve a Italia. Lia Giovanazzi Beltrami (director), Andrea Morghen (productor) y Denis Morosin (director de fotograf\u00eda) durante su estancia experimentaron la hospitalidad cordial de Suroeste y Sonora. Nosotros en la Asociaci\u00f3n Cultural Padre Kino de Segno, que espiritualmente hemos compartido su empresa, damos un agradecimiento especial a aquellos que, por nuestra amable petici\u00f3n, contribuyeron a su realizaci\u00f3n. <a href=\"http:\/\/www.padrekino.org\/wp-content\/uploads\/2017\/05\/lia.jpg\"><img loading=\"lazy\" class=\"size-medium wp-image-3351 alignleft\" src=\"http:\/\/www.padrekino.org\/wp-content\/uploads\/2017\/05\/lia-300x225.jpg\" alt=\"\" width=\"300\" height=\"225\" srcset=\"http:\/\/www.padrekino.org\/wp-content\/uploads\/2017\/05\/lia-300x225.jpg 300w, http:\/\/www.padrekino.org\/wp-content\/uploads\/2017\/05\/lia-768x576.jpg 768w, http:\/\/www.padrekino.org\/wp-content\/uploads\/2017\/05\/lia-900x675.jpg 900w, http:\/\/www.padrekino.org\/wp-content\/uploads\/2017\/05\/lia.jpg 960w\" sizes=\"(max-width: 300px) 100vw, 300px\" \/><\/a>Muchas gracias a: Manuel Mart\u00ednez y Juan Vidal de la Misi\u00f3n San Xavier del Bac, los Rangers\u00a0Georgina Jacquez y Anita Bradertscher del Parque Hist\u00f3rico Nacional de Tumac\u00e1cori, el Padre Pete Neely, SJ de la Iniciativa Fronteriza Kino, los Cabalgantes de \u00abPor Los Caminos de Kino\u00bb, especialmente a las familias Salgado &amp; Ramonet, a la ciudad de Magdalena de Kino, a Carmen Dolny, a Rosie Garc\u00eda y a Mark O&#8217;Hare de la Kino Heritage Society, un agradecimiento especial a las gu\u00edas de Aurora Vision: Richard y\u00a0Diane Collins. <a href=\"http:\/\/www.padrekino.org\/wp-content\/uploads\/2017\/05\/adieu1.jpg\"><img loading=\"lazy\" class=\"size-medium wp-image-3407 alignleft\" src=\"http:\/\/www.padrekino.org\/wp-content\/uploads\/2017\/05\/adieu1-300x145.jpg\" alt=\"\" width=\"300\" height=\"145\" srcset=\"http:\/\/www.padrekino.org\/wp-content\/uploads\/2017\/05\/adieu1-300x145.jpg 300w, http:\/\/www.padrekino.org\/wp-content\/uploads\/2017\/05\/adieu1.jpg 593w\" sizes=\"(max-width: 300px) 100vw, 300px\" \/><\/a>No queremos olvidar a los muy queridos amigos del perfil de Facebook Eusebio Kino,\u00a0<a href=\"https:\/\/www.facebook.com\/eusebio.kino.56\">https:\/\/www.facebook.com\/eusebio.kino.56<\/a> que nos han proporcionado tanta informaci\u00f3n para nuestras p\u00e1ginas web !! \u00a1Viva el Padre Kino !!<\/p>\n<p><\/p>","protected":false},"excerpt":{"rendered":"<p>Despu\u00e9s de 8 d\u00edas entre Arizona (EE.UU.) y Sonora (M\u00e9xico), filmando la vida aventurera y heroica del Padre Kino y el patrimonio espiritual y material que dej\u00f3 en esos territorios, el equipo de Aurora Vision vuelve a Italia. Lia Giovanazzi Beltrami (director), Andrea Morghen (productor) y Denis Morosin (director de fotograf\u00eda) durante su estancia experimentaron [&hellip;]<\/p>\n","protected":false},"author":3,"featured_media":0,"comment_status":"closed","ping_status":"closed","sticky":false,"template":"","format":"standard","meta":[],"categories":[1],"tags":[],"yoast_head":"<!-- This site is optimized with the Yoast SEO plugin v15.5 - https:\/\/yoast.com\/wordpress\/plugins\/seo\/ -->\n<title>Completado el rollo de pel\u00edcula-documental de Aurora Vision - Padre Kino<\/title>\n<meta name=\"robots\" content=\"index, follow, max-snippet:-1, max-image-preview:large, max-video-preview:-1\" \/>\n<link rel=\"canonical\" href=\"http:\/\/www.padrekino.org\/es\/completado-el-rollo-de-pelicula-documental-de-aurora-vision\/\" \/>\n<meta property=\"og:locale\" content=\"es_ES\" \/>\n<meta property=\"og:type\" content=\"article\" \/>\n<meta property=\"og:title\" content=\"Completado el rollo de pel\u00edcula-documental de Aurora Vision - Padre Kino\" \/>\n<meta property=\"og:description\" content=\"Despu\u00e9s de 8 d\u00edas entre Arizona (EE.UU.) y Sonora (M\u00e9xico), filmando la vida aventurera y heroica del Padre Kino y el patrimonio espiritual y material que dej\u00f3 en esos territorios, el equipo de Aurora Vision vuelve a Italia. Lia Giovanazzi Beltrami (director), Andrea Morghen (productor) y Denis Morosin (director de fotograf\u00eda) durante su estancia experimentaron [&hellip;]\" \/>\n<meta property=\"og:url\" content=\"http:\/\/www.padrekino.org\/es\/completado-el-rollo-de-pelicula-documental-de-aurora-vision\/\" \/>\n<meta property=\"og:site_name\" content=\"Padre Kino\" \/>\n<meta property=\"article:published_time\" content=\"2017-05-29T21:05:49+00:00\" \/>\n<meta property=\"article:modified_time\" content=\"2017-05-29T21:07:08+00:00\" \/>\n<meta property=\"og:image\" content=\"http:\/\/www.padrekino.org\/wp-content\/uploads\/2017\/05\/adieu-300x225.jpg\" \/>\n<meta name=\"twitter:card\" content=\"summary\" \/>\n<meta name=\"twitter:label1\" content=\"Tiempo de lectura\">\n\t<meta name=\"twitter:data1\" content=\"3 minutos\">\n<script type=\"application\/ld+json\" class=\"yoast-schema-graph\">{\"@context\":\"https:\/\/schema.org\",\"@graph\":[{\"@type\":\"WebSite\",\"@id\":\"http:\/\/www.padrekino.org\/de\/#website\",\"url\":\"http:\/\/www.padrekino.org\/de\/\",\"name\":\"Padre Kino\",\"description\":\"Padre a Cavallo\",\"potentialAction\":[{\"@type\":\"SearchAction\",\"target\":\"http:\/\/www.padrekino.org\/de\/?s={search_term_string}\",\"query-input\":\"required name=search_term_string\"}],\"inLanguage\":\"es\"},{\"@type\":\"ImageObject\",\"@id\":\"http:\/\/www.padrekino.org\/es\/completado-el-rollo-de-pelicula-documental-de-aurora-vision\/#primaryimage\",\"inLanguage\":\"es\",\"url\":\"http:\/\/www.padrekino.org\/wp-content\/uploads\/2017\/05\/adieu.jpg\",\"width\":960,\"height\":720},{\"@type\":\"WebPage\",\"@id\":\"http:\/\/www.padrekino.org\/es\/completado-el-rollo-de-pelicula-documental-de-aurora-vision\/#webpage\",\"url\":\"http:\/\/www.padrekino.org\/es\/completado-el-rollo-de-pelicula-documental-de-aurora-vision\/\",\"name\":\"Completado el rollo de pel\\u00edcula-documental de Aurora Vision - Padre Kino\",\"isPartOf\":{\"@id\":\"http:\/\/www.padrekino.org\/de\/#website\"},\"primaryImageOfPage\":{\"@id\":\"http:\/\/www.padrekino.org\/es\/completado-el-rollo-de-pelicula-documental-de-aurora-vision\/#primaryimage\"},\"datePublished\":\"2017-05-29T21:05:49+00:00\",\"dateModified\":\"2017-05-29T21:07:08+00:00\",\"author\":{\"@id\":\"http:\/\/www.padrekino.org\/de\/#\/schema\/person\/07a72e085e65feb481ecb3fc192df47a\"},\"inLanguage\":\"es\",\"potentialAction\":[{\"@type\":\"ReadAction\",\"target\":[\"http:\/\/www.padrekino.org\/es\/completado-el-rollo-de-pelicula-documental-de-aurora-vision\/\"]}]},{\"@type\":\"Person\",\"@id\":\"http:\/\/www.padrekino.org\/de\/#\/schema\/person\/07a72e085e65feb481ecb3fc192df47a\",\"name\":\"KinoOrg\"}]}<\/script>\n<!-- \/ Yoast SEO plugin. -->","_links":{"self":[{"href":"http:\/\/www.padrekino.org\/es\/wp-json\/wp\/v2\/posts\/3405"}],"collection":[{"href":"http:\/\/www.padrekino.org\/es\/wp-json\/wp\/v2\/posts"}],"about":[{"href":"http:\/\/www.padrekino.org\/es\/wp-json\/wp\/v2\/types\/post"}],"author":[{"embeddable":true,"href":"http:\/\/www.padrekino.org\/es\/wp-json\/wp\/v2\/users\/3"}],"replies":[{"embeddable":true,"href":"http:\/\/www.padrekino.org\/es\/wp-json\/wp\/v2\/comments?post=3405"}],"version-history":[{"count":0,"href":"http:\/\/www.padrekino.org\/es\/wp-json\/wp\/v2\/posts\/3405\/revisions"}],"wp:attachment":[{"href":"http:\/\/www.padrekino.org\/es\/wp-json\/wp\/v2\/media?parent=3405"}],"wp:term":[{"taxonomy":"category","embeddable":true,"href":"http:\/\/www.padrekino.org\/es\/wp-json\/wp\/v2\/categories?post=3405"},{"taxonomy":"post_tag","embeddable":true,"href":"http:\/\/www.padrekino.org\/es\/wp-json\/wp\/v2\/tags?post=3405"}],"curies":[{"name":"wp","href":"https:\/\/api.w.org\/{rel}","templated":true}]}}