{"id":3421,"date":"2017-07-02T16:00:52","date_gmt":"2017-07-02T14:00:52","guid":{"rendered":"http:\/\/www.padrekino.org\/?p=3421"},"modified":"2017-07-02T16:08:45","modified_gmt":"2017-07-02T14:08:45","slug":"el-retorno-la-libertad-de-los-caballos-del-padre-kino","status":"publish","type":"post","link":"http:\/\/www.padrekino.org\/es\/el-retorno-la-libertad-de-los-caballos-del-padre-kino\/","title":{"rendered":"El Retorno a la Libertad de los Caballos del Padre Kino"},"content":{"rendered":"<p>http:\/\/returntofreedom.org\/rescue\/gila-herd\/<\/p>\n<p>El perfil Facebook de RTF:<br \/>\n<a href=\"https:\/\/www.facebook.com\/returntofreedom\/?pnref=story\">https:\/\/www.facebook.com\/returntofreedom\/?pnref=story<br \/>\n<\/a><\/p>\n<hr \/>\n<p><a href=\"http:\/\/www.padrekino.org\/wp-content\/uploads\/2017\/07\/cavalli.png\"><img loading=\"lazy\" class=\"size-full wp-image-3429 aligncenter\" src=\"http:\/\/www.padrekino.org\/wp-content\/uploads\/2017\/07\/cavalli.png\" alt=\"\" width=\"200\" height=\"125\" \/><\/a><\/p>\n<p style=\"text-align: justify;\">El actor Robert Redford dirigi\u00f3 la organizaci\u00f3n devuelve los caballos de Kino a Arizona. El actor y conservacionista Redford es director de la organizaci\u00f3n sin fines de lucro \u00abReturn to Freedom\u00bb (RTF). Hace varios a\u00f1os el reba\u00f1o de caballos salvajes de Gila en Arizona fue capturado por el gobierno federal y fue salvado de la muerte por una mujer heroica que adopt\u00f3 el reba\u00f1o y los llev\u00f3 a un rancho de santuario en Dakota del Sur. <a href=\"http:\/\/www.padrekino.org\/wp-content\/uploads\/2017\/07\/horse.jpg\"><img loading=\"lazy\" class=\"size-full wp-image-3435 alignleft\" src=\"http:\/\/www.padrekino.org\/wp-content\/uploads\/2017\/07\/horse.jpg\" alt=\"\" width=\"300\" height=\"300\" srcset=\"http:\/\/www.padrekino.org\/wp-content\/uploads\/2017\/07\/horse.jpg 300w, http:\/\/www.padrekino.org\/wp-content\/uploads\/2017\/07\/horse-150x150.jpg 150w, http:\/\/www.padrekino.org\/wp-content\/uploads\/2017\/07\/horse-88x88.jpg 88w\" sizes=\"(max-width: 300px) 100vw, 300px\" \/><\/a>El rancho cay\u00f3 recientemente en tiempos dif\u00edciles. El video documenta el regreso del Reba\u00f1o de Caballos Gila hace dos semanas. Los Caballos Gila son descendientes del Caballo Espa\u00f1ol que Kino trajo a Arizona comenzando en 1691. Esperemos que el programa de conservaci\u00f3n de RTF garantice la existencia de los Caballos Kino para las generaciones futuras.<\/p>\n<hr \/>\n<p style=\"text-align: justify;\">Una ojeada de la reuni\u00f3n del reba\u00f1o de Gila<br \/>\nEl 15 de junio, 25 caballos y siete sementales del reba\u00f1o rescatado de Gila se reunieron con m\u00e1s de 60 yeguas, anuales, destetados y potros.<br \/>\nEn los \u00faltimos meses, el reba\u00f1o ha viajado desde Dakota del Sur cubierto de nieve, donde el oto\u00f1o pasado el estado encontr\u00f3 que ellos y cientos de otros caballos hab\u00edan sido descuidados, a una polvorienta zona de espera temporal en Fallon, Nevada, donde recibieron cuidados muy necesarios. , Finalmente, a los estanques, \u00e1rboles y pastos verdes de Lassen County, California.<br \/>\nAprenda m\u00e1s sobre la historia del reba\u00f1o &#8211; y vea m\u00e1s fotos y video &#8211; visitando <a href=\"http:\/\/returntofreedom.org\/rescue\/gila-herd\">http:\/\/returntofreedom.org\/rescue\/gila-herd<\/a>.<\/p>\n<p style=\"text-align: justify;\">COMPARTA este video y usa hashtags <span style=\"color: #0000ff;\">#watchoverme<\/span> y <span style=\"color: #0000ff;\">#jointhegilaherd<\/span> para apoyar este importante proyecto.<\/p>\n<p style=\"text-align: justify;\">V\u00eddeo de Paloma Ianes<\/p>\n<p style=\"text-align: justify;\"><span style=\"color: #0000ff;\"><em>Gracias a los amigos del perfil de Eusebio Kino Facebook que han encontrado esta informaci\u00f3n interesante<\/em><\/span><\/p>\n<p style=\"text-align: justify;\"><a href=\"https:\/\/www.facebook.com\/search\/top\/?q=eusebio%20kino\">https:\/\/www.facebook.com\/search\/top\/?q=eusebio%20kino<\/a><\/p>\n<p><\/p>","protected":false},"excerpt":{"rendered":"<p>http:\/\/returntofreedom.org\/rescue\/gila-herd\/ El perfil Facebook de RTF: https:\/\/www.facebook.com\/returntofreedom\/?pnref=story El actor Robert Redford dirigi\u00f3 la organizaci\u00f3n devuelve los caballos de Kino a Arizona. El actor y conservacionista Redford es director de la organizaci\u00f3n sin fines de lucro \u00abReturn to Freedom\u00bb (RTF). Hace varios a\u00f1os el reba\u00f1o de caballos salvajes de Gila en Arizona fue capturado por el [&hellip;]<\/p>\n","protected":false},"author":3,"featured_media":0,"comment_status":"closed","ping_status":"closed","sticky":false,"template":"","format":"standard","meta":[],"categories":[1],"tags":[],"yoast_head":"<!-- This site is optimized with the Yoast SEO plugin v15.5 - https:\/\/yoast.com\/wordpress\/plugins\/seo\/ -->\n<title>El Retorno a la Libertad de los Caballos del Padre Kino - Padre Kino<\/title>\n<meta name=\"robots\" content=\"index, follow, max-snippet:-1, max-image-preview:large, max-video-preview:-1\" \/>\n<link rel=\"canonical\" href=\"http:\/\/www.padrekino.org\/en\/el-retorno-la-libertad-de-los-caballos-del-padre-kino\/\" \/>\n<meta property=\"og:locale\" content=\"es_ES\" \/>\n<meta property=\"og:type\" content=\"article\" \/>\n<meta property=\"og:title\" content=\"El Retorno a la Libertad de los Caballos del Padre Kino - Padre Kino\" \/>\n<meta property=\"og:description\" content=\"http:\/\/returntofreedom.org\/rescue\/gila-herd\/ El perfil Facebook de RTF: https:\/\/www.facebook.com\/returntofreedom\/?pnref=story El actor Robert Redford dirigi\u00f3 la organizaci\u00f3n devuelve los caballos de Kino a Arizona. El actor y conservacionista Redford es director de la organizaci\u00f3n sin fines de lucro \u00abReturn to Freedom\u00bb (RTF). Hace varios a\u00f1os el reba\u00f1o de caballos salvajes de Gila en Arizona fue capturado por el [&hellip;]\" \/>\n<meta property=\"og:url\" content=\"http:\/\/www.padrekino.org\/en\/el-retorno-la-libertad-de-los-caballos-del-padre-kino\/\" \/>\n<meta property=\"og:site_name\" content=\"Padre Kino\" \/>\n<meta property=\"article:published_time\" content=\"2017-07-02T14:00:52+00:00\" \/>\n<meta property=\"article:modified_time\" content=\"2017-07-02T14:08:45+00:00\" \/>\n<meta property=\"og:image\" content=\"http:\/\/www.padrekino.org\/wp-content\/uploads\/2017\/07\/cavalli.png\" \/>\n<meta name=\"twitter:card\" content=\"summary\" \/>\n<meta name=\"twitter:label1\" content=\"Tiempo de lectura\">\n\t<meta name=\"twitter:data1\" content=\"5 minutos\">\n<script type=\"application\/ld+json\" class=\"yoast-schema-graph\">{\"@context\":\"https:\/\/schema.org\",\"@graph\":[{\"@type\":\"WebSite\",\"@id\":\"http:\/\/www.padrekino.org\/de\/#website\",\"url\":\"http:\/\/www.padrekino.org\/de\/\",\"name\":\"Padre Kino\",\"description\":\"Padre a Cavallo\",\"potentialAction\":[{\"@type\":\"SearchAction\",\"target\":\"http:\/\/www.padrekino.org\/de\/?s={search_term_string}\",\"query-input\":\"required name=search_term_string\"}],\"inLanguage\":\"es\"},{\"@type\":\"ImageObject\",\"@id\":\"http:\/\/www.padrekino.org\/en\/el-retorno-la-libertad-de-los-caballos-del-padre-kino\/#primaryimage\",\"inLanguage\":\"es\",\"url\":\"http:\/\/www.padrekino.org\/wp-content\/uploads\/2017\/07\/cavalli.png\",\"width\":200,\"height\":125},{\"@type\":\"WebPage\",\"@id\":\"http:\/\/www.padrekino.org\/en\/el-retorno-la-libertad-de-los-caballos-del-padre-kino\/#webpage\",\"url\":\"http:\/\/www.padrekino.org\/en\/el-retorno-la-libertad-de-los-caballos-del-padre-kino\/\",\"name\":\"El Retorno a la Libertad de los Caballos del Padre Kino - Padre Kino\",\"isPartOf\":{\"@id\":\"http:\/\/www.padrekino.org\/de\/#website\"},\"primaryImageOfPage\":{\"@id\":\"http:\/\/www.padrekino.org\/en\/el-retorno-la-libertad-de-los-caballos-del-padre-kino\/#primaryimage\"},\"datePublished\":\"2017-07-02T14:00:52+00:00\",\"dateModified\":\"2017-07-02T14:08:45+00:00\",\"author\":{\"@id\":\"http:\/\/www.padrekino.org\/de\/#\/schema\/person\/07a72e085e65feb481ecb3fc192df47a\"},\"inLanguage\":\"es\",\"potentialAction\":[{\"@type\":\"ReadAction\",\"target\":[\"http:\/\/www.padrekino.org\/en\/el-retorno-la-libertad-de-los-caballos-del-padre-kino\/\"]}]},{\"@type\":\"Person\",\"@id\":\"http:\/\/www.padrekino.org\/de\/#\/schema\/person\/07a72e085e65feb481ecb3fc192df47a\",\"name\":\"KinoOrg\"}]}<\/script>\n<!-- \/ Yoast SEO plugin. -->","_links":{"self":[{"href":"http:\/\/www.padrekino.org\/es\/wp-json\/wp\/v2\/posts\/3421"}],"collection":[{"href":"http:\/\/www.padrekino.org\/es\/wp-json\/wp\/v2\/posts"}],"about":[{"href":"http:\/\/www.padrekino.org\/es\/wp-json\/wp\/v2\/types\/post"}],"author":[{"embeddable":true,"href":"http:\/\/www.padrekino.org\/es\/wp-json\/wp\/v2\/users\/3"}],"replies":[{"embeddable":true,"href":"http:\/\/www.padrekino.org\/es\/wp-json\/wp\/v2\/comments?post=3421"}],"version-history":[{"count":0,"href":"http:\/\/www.padrekino.org\/es\/wp-json\/wp\/v2\/posts\/3421\/revisions"}],"wp:attachment":[{"href":"http:\/\/www.padrekino.org\/es\/wp-json\/wp\/v2\/media?parent=3421"}],"wp:term":[{"taxonomy":"category","embeddable":true,"href":"http:\/\/www.padrekino.org\/es\/wp-json\/wp\/v2\/categories?post=3421"},{"taxonomy":"post_tag","embeddable":true,"href":"http:\/\/www.padrekino.org\/es\/wp-json\/wp\/v2\/tags?post=3421"}],"curies":[{"name":"wp","href":"https:\/\/api.w.org\/{rel}","templated":true}]}}