{"id":3192,"date":"2017-05-15T14:01:00","date_gmt":"2017-05-15T12:01:00","guid":{"rendered":"http:\/\/www.padrekino.org\/?p=3192"},"modified":"2017-05-16T12:13:06","modified_gmt":"2017-05-16T10:13:06","slug":"nuevo-film-documental-sobre-el-padre-kino","status":"publish","type":"post","link":"https:\/\/www.padrekino.org\/de\/nuevo-film-documental-sobre-el-padre-kino\/","title":{"rendered":"Neue Dokumentarfilm \u00fcber Padre Kino"},"content":{"rendered":"<p><\/p>\n<p style=\"text-align: justify;\"><img loading=\"lazy\" class=\"aligncenter\" src=\"http:\/\/www.padrekino.org\/wp-content\/uploads\/2017\/05\/AuroraVision-1-300x258.png\" width=\"179\" height=\"155\" \/><\/p>\n<p style=\"text-align: justify;\"><span style=\"color: #0000ff;\">AURORA VISION<\/span> ist ein Produktionszentrum f\u00fcr Film, Dokumentarfilm, Fernsehformat, Reportage, bekannt in der Welt der Social Content Media.<\/p>\n<p style=\"text-align: justify;\">Am Dienstag, 16. Mai, beginnt Aurora Vision eine 8-t\u00e4gige Dreharbeiten zwischen Arizona und Sonora von einem Dokumentarfilm \u00fcber Pater Kino und seinem modernen Erbe.<br \/>\n<a href=\"http:\/\/www.padrekino.org\/wp-content\/uploads\/2017\/05\/aurora_2.jpg\"><img loading=\"lazy\" class=\"size-medium wp-image-3199 alignleft\" src=\"http:\/\/www.padrekino.org\/wp-content\/uploads\/2017\/05\/aurora_2-300x125.jpg\" alt=\"\" width=\"300\" height=\"125\" srcset=\"https:\/\/www.padrekino.org\/wp-content\/uploads\/2017\/05\/aurora_2-300x125.jpg 300w, https:\/\/www.padrekino.org\/wp-content\/uploads\/2017\/05\/aurora_2.jpg 753w\" sizes=\"(max-width: 300px) 100vw, 300px\" \/><\/a>Aurora Vision&#8217;s Dokumentarfilme erz\u00e4hlen von Geschichten von Menschen guten Willens, die um die Welt f\u00fcr den N\u00e4chsten arbeiten und Frieden, soziale Gerechtigkeit und Hoffnung schaffen. Viele Filme zeigen, wie Menschen unterschiedlicher Religionen das menschliche Verst\u00e4ndnis und die Solidarit\u00e4t f\u00f6rdern k\u00f6nnen. Andere Aurora-Filme dokumentieren das Leben der alpinen Bergsteiger und Sport-Champions, sowie die eines Samurai aus dem 16. Jahrhundert mit dem Titel &#8222;Ukon &#8211; der Samurai&#8220;, der im Jahr 2017 als &#8222;Best Historical\/Biographic\u00a0Documentary&#8220; am Star Doc Fest in Los Angeles ausgezeichnet wurde.<\/p>\n<p style=\"text-align: justify;\"><a href=\"http:\/\/www.padrekino.org\/wp-content\/uploads\/2017\/05\/aurora_3.jpg\"><img loading=\"lazy\" class=\"size-medium wp-image-3202 aligncenter\" src=\"http:\/\/www.padrekino.org\/wp-content\/uploads\/2017\/05\/aurora_3-212x300.jpg\" alt=\"\" width=\"212\" height=\"300\" srcset=\"https:\/\/www.padrekino.org\/wp-content\/uploads\/2017\/05\/aurora_3-212x300.jpg 212w, https:\/\/www.padrekino.org\/wp-content\/uploads\/2017\/05\/aurora_3.jpg 679w\" sizes=\"(max-width: 212px) 100vw, 212px\" \/><\/a><\/p>\n<p><a href=\"http:\/\/auroravision.it\/\">http:\/\/auroravision.it\/<\/a><\/p>","protected":false},"excerpt":{"rendered":"<p>AURORA VISION ist ein Produktionszentrum f\u00fcr Film, Dokumentarfilm, Fernsehformat, Reportage, bekannt in der Welt der Social Content Media. Am Dienstag, 16. Mai, beginnt Aurora Vision eine 8-t\u00e4gige Dreharbeiten zwischen Arizona und Sonora von einem Dokumentarfilm \u00fcber Pater Kino und seinem modernen Erbe. Aurora Vision&#8217;s Dokumentarfilme erz\u00e4hlen von Geschichten von Menschen guten Willens, die um die [&hellip;]<\/p>\n","protected":false},"author":3,"featured_media":0,"comment_status":"closed","ping_status":"closed","sticky":false,"template":"","format":"standard","meta":[],"categories":[1],"tags":[],"yoast_head":"<!-- This site is optimized with the Yoast SEO plugin v15.5 - https:\/\/yoast.com\/wordpress\/plugins\/seo\/ -->\n<title>Neue Dokumentarfilm \u00fcber Padre Kino - Padre Kino<\/title>\n<meta name=\"robots\" content=\"index, follow, max-snippet:-1, max-image-preview:large, max-video-preview:-1\" \/>\n<link rel=\"canonical\" href=\"http:\/\/www.padrekino.org\/en\/nuevo-film-documental-sobre-el-padre-kino\/\" \/>\n<meta property=\"og:locale\" content=\"de_DE\" \/>\n<meta property=\"og:type\" content=\"article\" \/>\n<meta property=\"og:title\" content=\"Neue Dokumentarfilm \u00fcber Padre Kino - Padre Kino\" \/>\n<meta property=\"og:description\" content=\"AURORA VISION ist ein Produktionszentrum f\u00fcr Film, Dokumentarfilm, Fernsehformat, Reportage, bekannt in der Welt der Social Content Media. Am Dienstag, 16. Mai, beginnt Aurora Vision eine 8-t\u00e4gige Dreharbeiten zwischen Arizona und Sonora von einem Dokumentarfilm \u00fcber Pater Kino und seinem modernen Erbe. Aurora Vision&#8217;s Dokumentarfilme erz\u00e4hlen von Geschichten von Menschen guten Willens, die um die [&hellip;]\" \/>\n<meta property=\"og:url\" content=\"http:\/\/www.padrekino.org\/en\/nuevo-film-documental-sobre-el-padre-kino\/\" \/>\n<meta property=\"og:site_name\" content=\"Padre Kino\" \/>\n<meta property=\"article:published_time\" content=\"2017-05-15T12:01:00+00:00\" \/>\n<meta property=\"article:modified_time\" content=\"2017-05-16T10:13:06+00:00\" \/>\n<meta property=\"og:image\" content=\"http:\/\/www.padrekino.org\/wp-content\/uploads\/2017\/05\/AuroraVision-1-300x258.png\" \/>\n<meta name=\"twitter:card\" content=\"summary\" \/>\n<meta name=\"twitter:label1\" content=\"Gesch\u00e4tzte Lesezeit\">\n\t<meta name=\"twitter:data1\" content=\"2\u00a0Minuten\">\n<script type=\"application\/ld+json\" class=\"yoast-schema-graph\">{\"@context\":\"https:\/\/schema.org\",\"@graph\":[{\"@type\":\"WebSite\",\"@id\":\"http:\/\/www.padrekino.org\/de\/#website\",\"url\":\"http:\/\/www.padrekino.org\/de\/\",\"name\":\"Padre Kino\",\"description\":\"Padre a Cavallo\",\"potentialAction\":[{\"@type\":\"SearchAction\",\"target\":\"http:\/\/www.padrekino.org\/de\/?s={search_term_string}\",\"query-input\":\"required name=search_term_string\"}],\"inLanguage\":\"de\"},{\"@type\":\"ImageObject\",\"@id\":\"http:\/\/www.padrekino.org\/en\/nuevo-film-documental-sobre-el-padre-kino\/#primaryimage\",\"inLanguage\":\"de\",\"url\":\"http:\/\/www.padrekino.org\/wp-content\/uploads\/2017\/05\/AuroraVision-1-300x258.png\"},{\"@type\":\"WebPage\",\"@id\":\"http:\/\/www.padrekino.org\/en\/nuevo-film-documental-sobre-el-padre-kino\/#webpage\",\"url\":\"http:\/\/www.padrekino.org\/en\/nuevo-film-documental-sobre-el-padre-kino\/\",\"name\":\"Neue Dokumentarfilm \\u00fcber Padre Kino - Padre Kino\",\"isPartOf\":{\"@id\":\"http:\/\/www.padrekino.org\/de\/#website\"},\"primaryImageOfPage\":{\"@id\":\"http:\/\/www.padrekino.org\/en\/nuevo-film-documental-sobre-el-padre-kino\/#primaryimage\"},\"datePublished\":\"2017-05-15T12:01:00+00:00\",\"dateModified\":\"2017-05-16T10:13:06+00:00\",\"author\":{\"@id\":\"http:\/\/www.padrekino.org\/de\/#\/schema\/person\/07a72e085e65feb481ecb3fc192df47a\"},\"inLanguage\":\"de\",\"potentialAction\":[{\"@type\":\"ReadAction\",\"target\":[\"http:\/\/www.padrekino.org\/en\/nuevo-film-documental-sobre-el-padre-kino\/\"]}]},{\"@type\":\"Person\",\"@id\":\"http:\/\/www.padrekino.org\/de\/#\/schema\/person\/07a72e085e65feb481ecb3fc192df47a\",\"name\":\"KinoOrg\"}]}<\/script>\n<!-- \/ Yoast SEO plugin. -->","_links":{"self":[{"href":"https:\/\/www.padrekino.org\/de\/wp-json\/wp\/v2\/posts\/3192"}],"collection":[{"href":"https:\/\/www.padrekino.org\/de\/wp-json\/wp\/v2\/posts"}],"about":[{"href":"https:\/\/www.padrekino.org\/de\/wp-json\/wp\/v2\/types\/post"}],"author":[{"embeddable":true,"href":"https:\/\/www.padrekino.org\/de\/wp-json\/wp\/v2\/users\/3"}],"replies":[{"embeddable":true,"href":"https:\/\/www.padrekino.org\/de\/wp-json\/wp\/v2\/comments?post=3192"}],"version-history":[{"count":0,"href":"https:\/\/www.padrekino.org\/de\/wp-json\/wp\/v2\/posts\/3192\/revisions"}],"wp:attachment":[{"href":"https:\/\/www.padrekino.org\/de\/wp-json\/wp\/v2\/media?parent=3192"}],"wp:term":[{"taxonomy":"category","embeddable":true,"href":"https:\/\/www.padrekino.org\/de\/wp-json\/wp\/v2\/categories?post=3192"},{"taxonomy":"post_tag","embeddable":true,"href":"https:\/\/www.padrekino.org\/de\/wp-json\/wp\/v2\/tags?post=3192"}],"curies":[{"name":"wp","href":"https:\/\/api.w.org\/{rel}","templated":true}]}}