{"id":3329,"date":"2017-05-24T00:00:49","date_gmt":"2017-05-23T22:00:49","guid":{"rendered":"http:\/\/www.padrekino.org\/?p=3329"},"modified":"2017-05-24T01:24:38","modified_gmt":"2017-05-23T23:24:38","slug":"imagenes-del-festival-kino-2017","status":"publish","type":"post","link":"https:\/\/www.padrekino.org\/de\/imagenes-del-festival-kino-2017\/","title":{"rendered":"Bilder und Video des Festivals Kino 2017"},"content":{"rendered":"<p><\/p>\n<p style=\"text-align: justify;\">Ein herzlicher Dank an mexikanischen Freunde von Magdalena de Kino f\u00fcr die 20. Ausgabe des Festivals zu organisieren, die den Namen unseres Missionars Padre Kino tr\u00e4gt!<\/p>\n<p style=\"text-align: center;\"><span style=\"color: #ff0000;\">Kino Festival schlo\u00df die erfolgreichste Ausgabe in seiner Geschichte!!<\/span><\/p>\n<p style=\"text-align: justify;\"><a href=\"http:\/\/www.padrekino.org\/wp-content\/uploads\/2017\/05\/gracias-Magdalena.jpg\"><img loading=\"lazy\" class=\"size-medium wp-image-3330 aligncenter\" src=\"http:\/\/www.padrekino.org\/wp-content\/uploads\/2017\/05\/gracias-Magdalena-300x225.jpg\" alt=\"\" width=\"300\" height=\"225\" srcset=\"https:\/\/www.padrekino.org\/wp-content\/uploads\/2017\/05\/gracias-Magdalena-300x225.jpg 300w, https:\/\/www.padrekino.org\/wp-content\/uploads\/2017\/05\/gracias-Magdalena-768x576.jpg 768w, https:\/\/www.padrekino.org\/wp-content\/uploads\/2017\/05\/gracias-Magdalena-1024x768.jpg 1024w, https:\/\/www.padrekino.org\/wp-content\/uploads\/2017\/05\/gracias-Magdalena-900x675.jpg 900w, https:\/\/www.padrekino.org\/wp-content\/uploads\/2017\/05\/gracias-Magdalena-1280x960.jpg 1280w, https:\/\/www.padrekino.org\/wp-content\/uploads\/2017\/05\/gracias-Magdalena.jpg 2048w\" sizes=\"(max-width: 300px) 100vw, 300px\" \/><\/a><\/p>\n<p style=\"text-align: center;\">Vielen Danke Magdalena !!<\/p>\n<hr \/>\n<p><iframe width=\"629\" height=\"354\" src=\"https:\/\/www.youtube.com\/embed\/9nMEbUmNNus?feature=oembed\" frameborder=\"0\" allowfullscreen><\/iframe><\/p>\n<hr \/>\n<p><iframe width=\"629\" height=\"354\" src=\"https:\/\/www.youtube.com\/embed\/7AQ00QSXAa0?feature=oembed\" frameborder=\"0\" allowfullscreen><\/iframe><\/p>\n<hr \/>\n<p style=\"text-align: center;\"><a href=\"https:\/\/www.facebook.com\/notes\/festival-kino\/el-festival-kino-cerr%C3%B3-la-edici%C3%B3n-m%C3%A1s-exitosa-de-su-historia\/1760566544255070\/\">https:\/\/www.facebook.com\/notes\/festival-kino\/el-festival-kino-cerr%C3%B3-la-edici%C3%B3n-m%C3%A1s-exitosa-de-su-historia\/1760566544255070\/<\/a><\/p>\n<hr \/>\n<p style=\"text-align: center;\"><a href=\"https:\/\/www.facebook.com\/AyuntamientoDeMagdalena\/?pnref=story\">https:\/\/www.facebook.com\/AyuntamientoDeMagdalena\/?pnref=story<\/a><\/p>\n<hr \/>\n<p style=\"text-align: center;\"><a href=\"https:\/\/www.facebook.com\/FestivalKino.ISC\/?hc_ref=SEARCH\">https:\/\/www.facebook.com\/FestivalKino.ISC\/?hc_ref=SEARCH<\/a><\/p>\n<p><\/p>","protected":false},"excerpt":{"rendered":"<p>Ein herzlicher Dank an mexikanischen Freunde von Magdalena de Kino f\u00fcr die 20. Ausgabe des Festivals zu organisieren, die den Namen unseres Missionars Padre Kino tr\u00e4gt! Kino Festival schlo\u00df die erfolgreichste Ausgabe in seiner Geschichte!! Vielen Danke Magdalena !! https:\/\/www.facebook.com\/notes\/festival-kino\/el-festival-kino-cerr%C3%B3-la-edici%C3%B3n-m%C3%A1s-exitosa-de-su-historia\/1760566544255070\/ https:\/\/www.facebook.com\/AyuntamientoDeMagdalena\/?pnref=story https:\/\/www.facebook.com\/FestivalKino.ISC\/?hc_ref=SEARCH<\/p>\n","protected":false},"author":3,"featured_media":0,"comment_status":"closed","ping_status":"closed","sticky":false,"template":"","format":"standard","meta":[],"categories":[1],"tags":[],"yoast_head":"<!-- This site is optimized with the Yoast SEO plugin v15.5 - https:\/\/yoast.com\/wordpress\/plugins\/seo\/ -->\n<title>Bilder und Video des Festivals Kino 2017 - Padre Kino<\/title>\n<meta name=\"robots\" content=\"index, follow, max-snippet:-1, max-image-preview:large, max-video-preview:-1\" \/>\n<link rel=\"canonical\" href=\"http:\/\/www.padrekino.org\/es\/imagenes-del-festival-kino-2017\/\" \/>\n<meta property=\"og:locale\" content=\"de_DE\" \/>\n<meta property=\"og:type\" content=\"article\" \/>\n<meta property=\"og:title\" content=\"Bilder und Video des Festivals Kino 2017 - Padre Kino\" \/>\n<meta property=\"og:description\" content=\"Ein herzlicher Dank an mexikanischen Freunde von Magdalena de Kino f\u00fcr die 20. Ausgabe des Festivals zu organisieren, die den Namen unseres Missionars Padre Kino tr\u00e4gt! Kino Festival schlo\u00df die erfolgreichste Ausgabe in seiner Geschichte!! Vielen Danke Magdalena !! https:\/\/www.facebook.com\/notes\/festival-kino\/el-festival-kino-cerr%C3%B3-la-edici%C3%B3n-m%C3%A1s-exitosa-de-su-historia\/1760566544255070\/ https:\/\/www.facebook.com\/AyuntamientoDeMagdalena\/?pnref=story https:\/\/www.facebook.com\/FestivalKino.ISC\/?hc_ref=SEARCH\" \/>\n<meta property=\"og:url\" content=\"http:\/\/www.padrekino.org\/es\/imagenes-del-festival-kino-2017\/\" \/>\n<meta property=\"og:site_name\" content=\"Padre Kino\" \/>\n<meta property=\"article:published_time\" content=\"2017-05-23T22:00:49+00:00\" \/>\n<meta property=\"article:modified_time\" content=\"2017-05-23T23:24:38+00:00\" \/>\n<meta property=\"og:image\" content=\"http:\/\/www.padrekino.org\/wp-content\/uploads\/2017\/05\/gracias-Magdalena-300x225.jpg\" \/>\n<meta name=\"twitter:card\" content=\"summary\" \/>\n<meta name=\"twitter:label1\" content=\"Gesch\u00e4tzte Lesezeit\">\n\t<meta name=\"twitter:data1\" content=\"1\u00a0Minute\">\n<script type=\"application\/ld+json\" class=\"yoast-schema-graph\">{\"@context\":\"https:\/\/schema.org\",\"@graph\":[{\"@type\":\"WebSite\",\"@id\":\"http:\/\/www.padrekino.org\/de\/#website\",\"url\":\"http:\/\/www.padrekino.org\/de\/\",\"name\":\"Padre Kino\",\"description\":\"Padre a Cavallo\",\"potentialAction\":[{\"@type\":\"SearchAction\",\"target\":\"http:\/\/www.padrekino.org\/de\/?s={search_term_string}\",\"query-input\":\"required name=search_term_string\"}],\"inLanguage\":\"de\"},{\"@type\":\"ImageObject\",\"@id\":\"http:\/\/www.padrekino.org\/es\/imagenes-del-festival-kino-2017\/#primaryimage\",\"inLanguage\":\"de\",\"url\":\"http:\/\/www.padrekino.org\/wp-content\/uploads\/2017\/05\/gracias-Magdalena-300x225.jpg\"},{\"@type\":\"WebPage\",\"@id\":\"http:\/\/www.padrekino.org\/es\/imagenes-del-festival-kino-2017\/#webpage\",\"url\":\"http:\/\/www.padrekino.org\/es\/imagenes-del-festival-kino-2017\/\",\"name\":\"Bilder und Video des Festivals Kino 2017 - Padre Kino\",\"isPartOf\":{\"@id\":\"http:\/\/www.padrekino.org\/de\/#website\"},\"primaryImageOfPage\":{\"@id\":\"http:\/\/www.padrekino.org\/es\/imagenes-del-festival-kino-2017\/#primaryimage\"},\"datePublished\":\"2017-05-23T22:00:49+00:00\",\"dateModified\":\"2017-05-23T23:24:38+00:00\",\"author\":{\"@id\":\"http:\/\/www.padrekino.org\/de\/#\/schema\/person\/07a72e085e65feb481ecb3fc192df47a\"},\"inLanguage\":\"de\",\"potentialAction\":[{\"@type\":\"ReadAction\",\"target\":[\"http:\/\/www.padrekino.org\/es\/imagenes-del-festival-kino-2017\/\"]}]},{\"@type\":\"Person\",\"@id\":\"http:\/\/www.padrekino.org\/de\/#\/schema\/person\/07a72e085e65feb481ecb3fc192df47a\",\"name\":\"KinoOrg\"}]}<\/script>\n<!-- \/ Yoast SEO plugin. -->","_links":{"self":[{"href":"https:\/\/www.padrekino.org\/de\/wp-json\/wp\/v2\/posts\/3329"}],"collection":[{"href":"https:\/\/www.padrekino.org\/de\/wp-json\/wp\/v2\/posts"}],"about":[{"href":"https:\/\/www.padrekino.org\/de\/wp-json\/wp\/v2\/types\/post"}],"author":[{"embeddable":true,"href":"https:\/\/www.padrekino.org\/de\/wp-json\/wp\/v2\/users\/3"}],"replies":[{"embeddable":true,"href":"https:\/\/www.padrekino.org\/de\/wp-json\/wp\/v2\/comments?post=3329"}],"version-history":[{"count":0,"href":"https:\/\/www.padrekino.org\/de\/wp-json\/wp\/v2\/posts\/3329\/revisions"}],"wp:attachment":[{"href":"https:\/\/www.padrekino.org\/de\/wp-json\/wp\/v2\/media?parent=3329"}],"wp:term":[{"taxonomy":"category","embeddable":true,"href":"https:\/\/www.padrekino.org\/de\/wp-json\/wp\/v2\/categories?post=3329"},{"taxonomy":"post_tag","embeddable":true,"href":"https:\/\/www.padrekino.org\/de\/wp-json\/wp\/v2\/tags?post=3329"}],"curies":[{"name":"wp","href":"https:\/\/api.w.org\/{rel}","templated":true}]}}