{"id":3421,"date":"2017-07-02T16:00:52","date_gmt":"2017-07-02T14:00:52","guid":{"rendered":"http:\/\/www.padrekino.org\/?p=3421"},"modified":"2017-07-02T16:08:45","modified_gmt":"2017-07-02T14:08:45","slug":"el-retorno-la-libertad-de-los-caballos-del-padre-kino","status":"publish","type":"post","link":"https:\/\/www.padrekino.org\/de\/el-retorno-la-libertad-de-los-caballos-del-padre-kino\/","title":{"rendered":"Die R\u00fcckkehr zur Freiheit von Padre Kino Pferden"},"content":{"rendered":"<p>http:\/\/returntofreedom.org\/rescue\/gila-herd\/<\/p>\n<p>Das Facebook -Profil RTF:<br \/>\n<a href=\"https:\/\/www.facebook.com\/returntofreedom\/?pnref=story\">https:\/\/www.facebook.com\/returntofreedom\/?pnref=story<\/a><\/p>\n<hr \/>\n<p><a href=\"http:\/\/www.padrekino.org\/wp-content\/uploads\/2017\/07\/cavalli.png\"><img loading=\"lazy\" class=\"size-full wp-image-3429 aligncenter\" src=\"http:\/\/www.padrekino.org\/wp-content\/uploads\/2017\/07\/cavalli.png\" alt=\"\" width=\"200\" height=\"125\" \/><\/a><\/p>\n<p style=\"text-align: justify;\">Der Schauspieler Robert Redford Directed Organisation bringt Kino Pferde nach Arizona zur\u00fcck. Schauspieler &amp; Natursch\u00fctzer Redford ist Direktor der Non-Profit-Organisation &#8222;Return to Freedom&#8220; (RTF). Vor einigen Jahren wurde die Gila Wild Horse Herd in Arizona von der Bundesregierung gefangen genommen und wurde vom Tod von einer heroischen Frau gerettet, die die Herde adoptierte und sie zu einer Sanctuary Ranch in South Dakota f\u00fchrte. <a href=\"http:\/\/www.padrekino.org\/wp-content\/uploads\/2017\/07\/horse.jpg\"><img loading=\"lazy\" class=\"size-full wp-image-3435 alignleft\" src=\"http:\/\/www.padrekino.org\/wp-content\/uploads\/2017\/07\/horse.jpg\" alt=\"\" width=\"300\" height=\"300\" srcset=\"https:\/\/www.padrekino.org\/wp-content\/uploads\/2017\/07\/horse.jpg 300w, https:\/\/www.padrekino.org\/wp-content\/uploads\/2017\/07\/horse-150x150.jpg 150w, https:\/\/www.padrekino.org\/wp-content\/uploads\/2017\/07\/horse-88x88.jpg 88w\" sizes=\"(max-width: 300px) 100vw, 300px\" \/><\/a>Die Ranch fiel vor kurzem auf unruhigen Zeiten. Das Video dokumentiert die R\u00fcckkehr der Gila Horse Herd vor zwei Wochen. Die Gila-Pferde sind Nachkommen des spanischen Pferdes, die Kino 1691 nach Arizona brachte. Hoffentlich wird das RTF-Erhaltungsprogramm die Existenz der Kino-Pferde f\u00fcr k\u00fcnftige Generationen sicherstellen.<\/p>\n<hr \/>\n<p style=\"text-align: justify;\"><span style=\"color: #0000ff;\">Ein Blick auf die Gila Herd Reunion<\/span><br \/>\nAm 15. Juni wurden 25 Wallach und sieben Hengste aus der geretteten Gila-Herde mit mehr als 60 Stuten, J\u00e4hrigen, Weaneln und Fohlen vereint.<br \/>\nIn den letzten Monaten ist die Herde von schneebedecktem South Dakota gereist, wo letzter Fall der Staat festgestellt wurde, dass sie und Hunderte von anderen Pferden vernachl\u00e4ssigt worden waren, zu einem staubigen, tempor\u00e4ren Staging-Bereich in Fallon, NV, wo sie eine dringend ben\u00f6tigte Pflege erhielten, und Endlich zu den Teichen, B\u00e4umen und gr\u00fcnen Weiden von Lassen County, Calif.<\/p>\n<p style=\"text-align: justify;\">Erfahren Sie mehr \u00fcber die Geschichte der Herde &#8211; und sehen Sie mehr Fotos und Videos &#8211; indem Sie zu:<br \/>\n<a href=\"http:\/\/returntofreedom.org\/rescue\/gila-herd.\">http:\/\/returntofreedom.org\/rescue\/gila-herd.<\/a><\/p>\n<p>Bitte teilen Sie dieses Video und verwenden Sie Hashtags <span style=\"color: #0000ff;\">#watchoverme<\/span> und <span style=\"color: #0000ff;\">#jointhegilaherd<\/span>, um dieses wichtige Projekt zu unterst\u00fctzen.<\/p>\n<p>Video von Paloma Ianes<\/p>\n<hr \/>\n<p><span style=\"color: #0000ff;\"><em>Vielen Dank an die Freunde des Eusebio Kino Facebook-Profil, die diese interessante Information gefunden haben<\/em><\/span><\/p>\n<p><a href=\"https:\/\/www.facebook.com\/search\/top\/?q=eusebio%20kino\">https:\/\/www.facebook.com\/search\/top\/?q=eusebio%20kino<\/a><\/p>","protected":false},"excerpt":{"rendered":"<p>http:\/\/returntofreedom.org\/rescue\/gila-herd\/ Das Facebook -Profil RTF: https:\/\/www.facebook.com\/returntofreedom\/?pnref=story Der Schauspieler Robert Redford Directed Organisation bringt Kino Pferde nach Arizona zur\u00fcck. Schauspieler &amp; Natursch\u00fctzer Redford ist Direktor der Non-Profit-Organisation &#8222;Return to Freedom&#8220; (RTF). Vor einigen Jahren wurde die Gila Wild Horse Herd in Arizona von der Bundesregierung gefangen genommen und wurde vom Tod von einer heroischen Frau gerettet, [&hellip;]<\/p>\n","protected":false},"author":3,"featured_media":0,"comment_status":"closed","ping_status":"closed","sticky":false,"template":"","format":"standard","meta":[],"categories":[1],"tags":[],"yoast_head":"<!-- This site is optimized with the Yoast SEO plugin v15.5 - https:\/\/yoast.com\/wordpress\/plugins\/seo\/ -->\n<title>Die R\u00fcckkehr zur Freiheit von Padre Kino Pferden - Padre Kino<\/title>\n<meta name=\"robots\" content=\"index, follow, max-snippet:-1, max-image-preview:large, max-video-preview:-1\" \/>\n<link rel=\"canonical\" href=\"http:\/\/www.padrekino.org\/en\/el-retorno-la-libertad-de-los-caballos-del-padre-kino\/\" \/>\n<meta property=\"og:locale\" content=\"de_DE\" \/>\n<meta property=\"og:type\" content=\"article\" \/>\n<meta property=\"og:title\" content=\"Die R\u00fcckkehr zur Freiheit von Padre Kino Pferden - Padre Kino\" \/>\n<meta property=\"og:description\" content=\"http:\/\/returntofreedom.org\/rescue\/gila-herd\/ Das Facebook -Profil RTF: https:\/\/www.facebook.com\/returntofreedom\/?pnref=story Der Schauspieler Robert Redford Directed Organisation bringt Kino Pferde nach Arizona zur\u00fcck. Schauspieler &amp; Natursch\u00fctzer Redford ist Direktor der Non-Profit-Organisation &#8222;Return to Freedom&#8220; (RTF). Vor einigen Jahren wurde die Gila Wild Horse Herd in Arizona von der Bundesregierung gefangen genommen und wurde vom Tod von einer heroischen Frau gerettet, [&hellip;]\" \/>\n<meta property=\"og:url\" content=\"http:\/\/www.padrekino.org\/en\/el-retorno-la-libertad-de-los-caballos-del-padre-kino\/\" \/>\n<meta property=\"og:site_name\" content=\"Padre Kino\" \/>\n<meta property=\"article:published_time\" content=\"2017-07-02T14:00:52+00:00\" \/>\n<meta property=\"article:modified_time\" content=\"2017-07-02T14:08:45+00:00\" \/>\n<meta property=\"og:image\" content=\"http:\/\/www.padrekino.org\/wp-content\/uploads\/2017\/07\/cavalli.png\" \/>\n<meta name=\"twitter:card\" content=\"summary\" \/>\n<meta name=\"twitter:label1\" content=\"Gesch\u00e4tzte Lesezeit\">\n\t<meta name=\"twitter:data1\" content=\"5\u00a0Minuten\">\n<script type=\"application\/ld+json\" class=\"yoast-schema-graph\">{\"@context\":\"https:\/\/schema.org\",\"@graph\":[{\"@type\":\"WebSite\",\"@id\":\"http:\/\/www.padrekino.org\/de\/#website\",\"url\":\"http:\/\/www.padrekino.org\/de\/\",\"name\":\"Padre Kino\",\"description\":\"Padre a Cavallo\",\"potentialAction\":[{\"@type\":\"SearchAction\",\"target\":\"http:\/\/www.padrekino.org\/de\/?s={search_term_string}\",\"query-input\":\"required name=search_term_string\"}],\"inLanguage\":\"de\"},{\"@type\":\"ImageObject\",\"@id\":\"http:\/\/www.padrekino.org\/en\/el-retorno-la-libertad-de-los-caballos-del-padre-kino\/#primaryimage\",\"inLanguage\":\"de\",\"url\":\"http:\/\/www.padrekino.org\/wp-content\/uploads\/2017\/07\/cavalli.png\"},{\"@type\":\"WebPage\",\"@id\":\"http:\/\/www.padrekino.org\/en\/el-retorno-la-libertad-de-los-caballos-del-padre-kino\/#webpage\",\"url\":\"http:\/\/www.padrekino.org\/en\/el-retorno-la-libertad-de-los-caballos-del-padre-kino\/\",\"name\":\"Die R\\u00fcckkehr zur Freiheit von Padre Kino Pferden - Padre Kino\",\"isPartOf\":{\"@id\":\"http:\/\/www.padrekino.org\/de\/#website\"},\"primaryImageOfPage\":{\"@id\":\"http:\/\/www.padrekino.org\/en\/el-retorno-la-libertad-de-los-caballos-del-padre-kino\/#primaryimage\"},\"datePublished\":\"2017-07-02T14:00:52+00:00\",\"dateModified\":\"2017-07-02T14:08:45+00:00\",\"author\":{\"@id\":\"http:\/\/www.padrekino.org\/de\/#\/schema\/person\/07a72e085e65feb481ecb3fc192df47a\"},\"inLanguage\":\"de\",\"potentialAction\":[{\"@type\":\"ReadAction\",\"target\":[\"http:\/\/www.padrekino.org\/en\/el-retorno-la-libertad-de-los-caballos-del-padre-kino\/\"]}]},{\"@type\":\"Person\",\"@id\":\"http:\/\/www.padrekino.org\/de\/#\/schema\/person\/07a72e085e65feb481ecb3fc192df47a\",\"name\":\"KinoOrg\"}]}<\/script>\n<!-- \/ Yoast SEO plugin. -->","_links":{"self":[{"href":"https:\/\/www.padrekino.org\/de\/wp-json\/wp\/v2\/posts\/3421"}],"collection":[{"href":"https:\/\/www.padrekino.org\/de\/wp-json\/wp\/v2\/posts"}],"about":[{"href":"https:\/\/www.padrekino.org\/de\/wp-json\/wp\/v2\/types\/post"}],"author":[{"embeddable":true,"href":"https:\/\/www.padrekino.org\/de\/wp-json\/wp\/v2\/users\/3"}],"replies":[{"embeddable":true,"href":"https:\/\/www.padrekino.org\/de\/wp-json\/wp\/v2\/comments?post=3421"}],"version-history":[{"count":0,"href":"https:\/\/www.padrekino.org\/de\/wp-json\/wp\/v2\/posts\/3421\/revisions"}],"wp:attachment":[{"href":"https:\/\/www.padrekino.org\/de\/wp-json\/wp\/v2\/media?parent=3421"}],"wp:term":[{"taxonomy":"category","embeddable":true,"href":"https:\/\/www.padrekino.org\/de\/wp-json\/wp\/v2\/categories?post=3421"},{"taxonomy":"post_tag","embeddable":true,"href":"https:\/\/www.padrekino.org\/de\/wp-json\/wp\/v2\/tags?post=3421"}],"curies":[{"name":"wp","href":"https:\/\/api.w.org\/{rel}","templated":true}]}}