{"id":3487,"date":"2017-10-03T02:21:44","date_gmt":"2017-10-03T00:21:44","guid":{"rendered":"http:\/\/www.padrekino.org\/?p=3487"},"modified":"2017-10-03T02:30:30","modified_gmt":"2017-10-03T00:30:30","slug":"paul-cicala-auf-dem-weg-zur-100-km-langen-pilgerfahrt-von-nogales-nach-magdalena-de-kino","status":"publish","type":"post","link":"https:\/\/www.padrekino.org\/de\/paul-cicala-auf-dem-weg-zur-100-km-langen-pilgerfahrt-von-nogales-nach-magdalena-de-kino\/","title":{"rendered":"Paul Cicala auf dem Weg zur 100 km langen Pilgerfahrt von Nogales nach Magdalena de Kino"},"content":{"rendered":"<p><\/p>\n<p style=\"text-align: justify;\">Paul Cicala, Reporter von News 4 Tucson &#8211; KVOA, schickt uns auch eine Reportage \u00fcber seinen Spaziergang zu Fu\u00df von Nogales nach Magdalena de Kino, um die drei Francisco, San Francisco de As\u00eds, San Francisco Xavvier und Francisco Kino zu huldigen.\u00a0Ein Tribut des Glaubens, der seit Jahrhunderten wiederholt wird.<\/p>\n<p>https:\/\/www.facebook.com\/paulcicala\/posts\/10214603782477719\" data-width=\"629\">\n<blockquote cite=\"https:\/\/www.facebook.com\/paulcicala\/posts\/10214603782477719\" class=\"fb-xfbml-parse-ignore\">\n<p>It&#039;s that time of the year again.  Pilgrimage to Magdalena, Sonora &#8211; (many begin walk from Tucson&#039;s San Xavier Mission)&#8230;<\/p>\n<p>Geplaatst door <a href=\"https:\/\/www.facebook.com\/paulcicala\">Paul Cicala<\/a> op&nbsp;<a href=\"https:\/\/www.facebook.com\/paulcicala\/posts\/10214603782477719\">vrijdag 29 september 2017<\/a><\/p><\/blockquote>\n<\/div>","protected":false},"excerpt":{"rendered":"<p>Paul Cicala, Reporter von News 4 Tucson &#8211; KVOA, schickt uns auch eine Reportage \u00fcber seinen Spaziergang zu Fu\u00df von Nogales nach Magdalena de Kino, um die drei Francisco, San Francisco de As\u00eds, San Francisco Xavvier und Francisco Kino zu huldigen.\u00a0Ein Tribut des Glaubens, der seit Jahrhunderten wiederholt wird. https:\/\/www.facebook.com\/paulcicala\/posts\/10214603782477719&#8243; data-width=&#8220;629&#8243;> It&#039;s that time of [&hellip;]<\/p>\n","protected":false},"author":3,"featured_media":0,"comment_status":"closed","ping_status":"closed","sticky":false,"template":"","format":"standard","meta":[],"categories":[1],"tags":[],"yoast_head":"<!-- This site is optimized with the Yoast SEO plugin v15.5 - https:\/\/yoast.com\/wordpress\/plugins\/seo\/ -->\n<title>Paul Cicala auf dem Weg zur 100 km langen Pilgerfahrt von Nogales nach Magdalena de Kino - Padre Kino<\/title>\n<meta name=\"robots\" content=\"index, follow, max-snippet:-1, max-image-preview:large, max-video-preview:-1\" \/>\n<link rel=\"canonical\" href=\"http:\/\/www.padrekino.org\/paul-cicala-auf-dem-weg-zur-100-km-langen-pilgerfahrt-von-nogales-nach-magdalena-de-kino\/\" \/>\n<meta property=\"og:locale\" content=\"de_DE\" \/>\n<meta property=\"og:type\" content=\"article\" \/>\n<meta property=\"og:title\" content=\"Paul Cicala auf dem Weg zur 100 km langen Pilgerfahrt von Nogales nach Magdalena de Kino - Padre Kino\" \/>\n<meta property=\"og:description\" content=\"Paul Cicala, Reporter von News 4 Tucson &#8211; KVOA, schickt uns auch eine Reportage \u00fcber seinen Spaziergang zu Fu\u00df von Nogales nach Magdalena de Kino, um die drei Francisco, San Francisco de As\u00eds, San Francisco Xavvier und Francisco Kino zu huldigen.\u00a0Ein Tribut des Glaubens, der seit Jahrhunderten wiederholt wird. https:\/\/www.facebook.com\/paulcicala\/posts\/10214603782477719&quot; data-width=&quot;629&quot;&gt; It&#039;s that time of [&hellip;]\" \/>\n<meta property=\"og:url\" content=\"http:\/\/www.padrekino.org\/paul-cicala-auf-dem-weg-zur-100-km-langen-pilgerfahrt-von-nogales-nach-magdalena-de-kino\/\" \/>\n<meta property=\"og:site_name\" content=\"Padre Kino\" \/>\n<meta property=\"article:published_time\" content=\"2017-10-03T00:21:44+00:00\" \/>\n<meta property=\"article:modified_time\" content=\"2017-10-03T00:30:30+00:00\" \/>\n<meta name=\"twitter:card\" content=\"summary\" \/>\n<meta name=\"twitter:label1\" content=\"Gesch\u00e4tzte Lesezeit\">\n\t<meta name=\"twitter:data1\" content=\"1\u00a0Minute\">\n<script type=\"application\/ld+json\" class=\"yoast-schema-graph\">{\"@context\":\"https:\/\/schema.org\",\"@graph\":[{\"@type\":\"WebSite\",\"@id\":\"http:\/\/www.padrekino.org\/de\/#website\",\"url\":\"http:\/\/www.padrekino.org\/de\/\",\"name\":\"Padre Kino\",\"description\":\"Padre a Cavallo\",\"potentialAction\":[{\"@type\":\"SearchAction\",\"target\":\"http:\/\/www.padrekino.org\/de\/?s={search_term_string}\",\"query-input\":\"required name=search_term_string\"}],\"inLanguage\":\"de\"},{\"@type\":\"WebPage\",\"@id\":\"http:\/\/www.padrekino.org\/paul-cicala-auf-dem-weg-zur-100-km-langen-pilgerfahrt-von-nogales-nach-magdalena-de-kino\/#webpage\",\"url\":\"http:\/\/www.padrekino.org\/paul-cicala-auf-dem-weg-zur-100-km-langen-pilgerfahrt-von-nogales-nach-magdalena-de-kino\/\",\"name\":\"Paul Cicala auf dem Weg zur 100 km langen Pilgerfahrt von Nogales nach Magdalena de Kino - Padre Kino\",\"isPartOf\":{\"@id\":\"http:\/\/www.padrekino.org\/de\/#website\"},\"datePublished\":\"2017-10-03T00:21:44+00:00\",\"dateModified\":\"2017-10-03T00:30:30+00:00\",\"author\":{\"@id\":\"http:\/\/www.padrekino.org\/de\/#\/schema\/person\/07a72e085e65feb481ecb3fc192df47a\"},\"inLanguage\":\"de\",\"potentialAction\":[{\"@type\":\"ReadAction\",\"target\":[\"http:\/\/www.padrekino.org\/paul-cicala-auf-dem-weg-zur-100-km-langen-pilgerfahrt-von-nogales-nach-magdalena-de-kino\/\"]}]},{\"@type\":\"Person\",\"@id\":\"http:\/\/www.padrekino.org\/de\/#\/schema\/person\/07a72e085e65feb481ecb3fc192df47a\",\"name\":\"KinoOrg\"}]}<\/script>\n<!-- \/ Yoast SEO plugin. -->","_links":{"self":[{"href":"https:\/\/www.padrekino.org\/de\/wp-json\/wp\/v2\/posts\/3487"}],"collection":[{"href":"https:\/\/www.padrekino.org\/de\/wp-json\/wp\/v2\/posts"}],"about":[{"href":"https:\/\/www.padrekino.org\/de\/wp-json\/wp\/v2\/types\/post"}],"author":[{"embeddable":true,"href":"https:\/\/www.padrekino.org\/de\/wp-json\/wp\/v2\/users\/3"}],"replies":[{"embeddable":true,"href":"https:\/\/www.padrekino.org\/de\/wp-json\/wp\/v2\/comments?post=3487"}],"version-history":[{"count":0,"href":"https:\/\/www.padrekino.org\/de\/wp-json\/wp\/v2\/posts\/3487\/revisions"}],"wp:attachment":[{"href":"https:\/\/www.padrekino.org\/de\/wp-json\/wp\/v2\/media?parent=3487"}],"wp:term":[{"taxonomy":"category","embeddable":true,"href":"https:\/\/www.padrekino.org\/de\/wp-json\/wp\/v2\/categories?post=3487"},{"taxonomy":"post_tag","embeddable":true,"href":"https:\/\/www.padrekino.org\/de\/wp-json\/wp\/v2\/tags?post=3487"}],"curies":[{"name":"wp","href":"https:\/\/api.w.org\/{rel}","templated":true}]}}