{"id":3914,"date":"2018-05-14T22:14:21","date_gmt":"2018-05-14T20:14:21","guid":{"rendered":"http:\/\/www.padrekino.org\/?p=3914"},"modified":"2018-05-23T14:46:30","modified_gmt":"2018-05-23T12:46:30","slug":"festival-kino-2018","status":"publish","type":"post","link":"https:\/\/www.padrekino.org\/de\/festival-kino-2018\/","title":{"rendered":"Festival Kino 2018 &#8211; vom 16. bis 20. Mai"},"content":{"rendered":"<p><\/p>\n<p style=\"text-align: center;\"><span style=\"color: #0000ff;\">In diesem Jahr, vom 16. bis 20. Mai 2018, lebt Magdalena de Kino die Tradition ihres &#8222;Kino Festivals&#8220; in ihrer 21. Ausgabe<\/span><\/p>\n<p>Programm ISSUU:<a href=\"https:\/\/issuu.com\/iscsonora\/docs\/festivalkino-programaissuu\"><br \/>\nhttps:\/\/issuu.com\/iscsonora\/docs\/festivalkino-programaissuu<\/a><\/p>\n<p>Programm PDF:<br \/>\n<a href=\"http:\/\/www.padrekino.org\/wp-content\/uploads\/2018\/05\/festival-kino-2018.pdf\">festival kino 2018<\/a><\/p>\n<p style=\"text-align: justify;\"><a href=\"http:\/\/www.padrekino.org\/wp-content\/uploads\/2018\/05\/kino-festival-2018.jpg\"><img loading=\"lazy\" class=\"size-medium wp-image-3913 alignleft\" src=\"http:\/\/www.padrekino.org\/wp-content\/uploads\/2018\/05\/kino-festival-2018-300x120.jpg\" alt=\"\" width=\"300\" height=\"120\" srcset=\"https:\/\/www.padrekino.org\/wp-content\/uploads\/2018\/05\/kino-festival-2018-300x120.jpg 300w, https:\/\/www.padrekino.org\/wp-content\/uploads\/2018\/05\/kino-festival-2018-768x307.jpg 768w, https:\/\/www.padrekino.org\/wp-content\/uploads\/2018\/05\/kino-festival-2018-900x360.jpg 900w, https:\/\/www.padrekino.org\/wp-content\/uploads\/2018\/05\/kino-festival-2018.jpg 960w\" sizes=\"(max-width: 300px) 100vw, 300px\" \/><\/a>Die Ausgabe 2018 wird haupts\u00e4chlich in Magdalena de Kino, dann in Altar, \u00c1til, Caborca, Cucurpe, \u00cdmuris, Oquitoa, Pitiquito, Trincheras, Tubutama, Santa Ana sowie der Tumacacori Mission in Arizona stattfinden. Es gibt 44 Veranstaltungen von Musik, Tanz, Theater, Handwerk und Pr\u00e4sentationen von lokalen ethnischen Gruppen, mit regionaler K\u00fcche, Ausstellungen, Workshops, Konferenzen, B\u00fccher, Modeschauen, Pr\u00e4senz in Schulen von lokalen Talenten in Magdalena de Kino. Das Kino Festival erwartet Sie vom 16. Mai bis 20. Mai 2018 !!!<\/p>\n<p><\/p>","protected":false},"excerpt":{"rendered":"<p>In diesem Jahr, vom 16. bis 20. Mai 2018, lebt Magdalena de Kino die Tradition ihres &#8222;Kino Festivals&#8220; in ihrer 21. Ausgabe Programm ISSUU: https:\/\/issuu.com\/iscsonora\/docs\/festivalkino-programaissuu Programm PDF: festival kino 2018 Die Ausgabe 2018 wird haupts\u00e4chlich in Magdalena de Kino, dann in Altar, \u00c1til, Caborca, Cucurpe, \u00cdmuris, Oquitoa, Pitiquito, Trincheras, Tubutama, Santa Ana sowie der Tumacacori [&hellip;]<\/p>\n","protected":false},"author":3,"featured_media":0,"comment_status":"closed","ping_status":"closed","sticky":false,"template":"","format":"standard","meta":[],"categories":[1],"tags":[],"yoast_head":"<!-- This site is optimized with the Yoast SEO plugin v15.5 - https:\/\/yoast.com\/wordpress\/plugins\/seo\/ -->\n<title>Festival Kino 2018 - vom 16. bis 20. Mai - Padre Kino<\/title>\n<meta name=\"robots\" content=\"index, follow, max-snippet:-1, max-image-preview:large, max-video-preview:-1\" \/>\n<link rel=\"canonical\" href=\"https:\/\/www.padrekino.org\/en\/festival-kino-2018\/\" \/>\n<meta property=\"og:locale\" content=\"de_DE\" \/>\n<meta property=\"og:type\" content=\"article\" \/>\n<meta property=\"og:title\" content=\"Festival Kino 2018 - vom 16. bis 20. Mai - Padre Kino\" \/>\n<meta property=\"og:description\" content=\"In diesem Jahr, vom 16. bis 20. Mai 2018, lebt Magdalena de Kino die Tradition ihres &#8222;Kino Festivals&#8220; in ihrer 21. Ausgabe Programm ISSUU: https:\/\/issuu.com\/iscsonora\/docs\/festivalkino-programaissuu Programm PDF: festival kino 2018 Die Ausgabe 2018 wird haupts\u00e4chlich in Magdalena de Kino, dann in Altar, \u00c1til, Caborca, Cucurpe, \u00cdmuris, Oquitoa, Pitiquito, Trincheras, Tubutama, Santa Ana sowie der Tumacacori [&hellip;]\" \/>\n<meta property=\"og:url\" content=\"https:\/\/www.padrekino.org\/en\/festival-kino-2018\/\" \/>\n<meta property=\"og:site_name\" content=\"Padre Kino\" \/>\n<meta property=\"article:published_time\" content=\"2018-05-14T20:14:21+00:00\" \/>\n<meta property=\"article:modified_time\" content=\"2018-05-23T12:46:30+00:00\" \/>\n<meta property=\"og:image\" content=\"http:\/\/www.padrekino.org\/wp-content\/uploads\/2018\/05\/kino-festival-2018-300x120.jpg\" \/>\n<meta name=\"twitter:card\" content=\"summary\" \/>\n<meta name=\"twitter:label1\" content=\"Gesch\u00e4tzte Lesezeit\">\n\t<meta name=\"twitter:data1\" content=\"2\u00a0Minuten\">\n<script type=\"application\/ld+json\" class=\"yoast-schema-graph\">{\"@context\":\"https:\/\/schema.org\",\"@graph\":[{\"@type\":\"WebSite\",\"@id\":\"http:\/\/www.padrekino.org\/de\/#website\",\"url\":\"http:\/\/www.padrekino.org\/de\/\",\"name\":\"Padre Kino\",\"description\":\"Padre a Cavallo\",\"potentialAction\":[{\"@type\":\"SearchAction\",\"target\":\"http:\/\/www.padrekino.org\/de\/?s={search_term_string}\",\"query-input\":\"required name=search_term_string\"}],\"inLanguage\":\"de\"},{\"@type\":\"ImageObject\",\"@id\":\"https:\/\/www.padrekino.org\/en\/festival-kino-2018\/#primaryimage\",\"inLanguage\":\"de\",\"url\":\"http:\/\/www.padrekino.org\/wp-content\/uploads\/2018\/05\/kino-festival-2018-300x120.jpg\"},{\"@type\":\"WebPage\",\"@id\":\"https:\/\/www.padrekino.org\/en\/festival-kino-2018\/#webpage\",\"url\":\"https:\/\/www.padrekino.org\/en\/festival-kino-2018\/\",\"name\":\"Festival Kino 2018 - vom 16. bis 20. Mai - Padre Kino\",\"isPartOf\":{\"@id\":\"http:\/\/www.padrekino.org\/de\/#website\"},\"primaryImageOfPage\":{\"@id\":\"https:\/\/www.padrekino.org\/en\/festival-kino-2018\/#primaryimage\"},\"datePublished\":\"2018-05-14T20:14:21+00:00\",\"dateModified\":\"2018-05-23T12:46:30+00:00\",\"author\":{\"@id\":\"http:\/\/www.padrekino.org\/de\/#\/schema\/person\/07a72e085e65feb481ecb3fc192df47a\"},\"inLanguage\":\"de\",\"potentialAction\":[{\"@type\":\"ReadAction\",\"target\":[\"https:\/\/www.padrekino.org\/en\/festival-kino-2018\/\"]}]},{\"@type\":\"Person\",\"@id\":\"http:\/\/www.padrekino.org\/de\/#\/schema\/person\/07a72e085e65feb481ecb3fc192df47a\",\"name\":\"KinoOrg\"}]}<\/script>\n<!-- \/ Yoast SEO plugin. -->","_links":{"self":[{"href":"https:\/\/www.padrekino.org\/de\/wp-json\/wp\/v2\/posts\/3914"}],"collection":[{"href":"https:\/\/www.padrekino.org\/de\/wp-json\/wp\/v2\/posts"}],"about":[{"href":"https:\/\/www.padrekino.org\/de\/wp-json\/wp\/v2\/types\/post"}],"author":[{"embeddable":true,"href":"https:\/\/www.padrekino.org\/de\/wp-json\/wp\/v2\/users\/3"}],"replies":[{"embeddable":true,"href":"https:\/\/www.padrekino.org\/de\/wp-json\/wp\/v2\/comments?post=3914"}],"version-history":[{"count":0,"href":"https:\/\/www.padrekino.org\/de\/wp-json\/wp\/v2\/posts\/3914\/revisions"}],"wp:attachment":[{"href":"https:\/\/www.padrekino.org\/de\/wp-json\/wp\/v2\/media?parent=3914"}],"wp:term":[{"taxonomy":"category","embeddable":true,"href":"https:\/\/www.padrekino.org\/de\/wp-json\/wp\/v2\/categories?post=3914"},{"taxonomy":"post_tag","embeddable":true,"href":"https:\/\/www.padrekino.org\/de\/wp-json\/wp\/v2\/tags?post=3914"}],"curies":[{"name":"wp","href":"https:\/\/api.w.org\/{rel}","templated":true}]}}