{"id":1797,"date":"2016-04-26T12:30:47","date_gmt":"2016-04-26T10:30:47","guid":{"rendered":"http:\/\/www.padrekino.org\/?p=1797"},"modified":"2016-06-30T14:07:58","modified_gmt":"2016-06-30T12:07:58","slug":"il-veste-nera","status":"publish","type":"post","link":"https:\/\/www.padrekino.org\/es\/il-veste-nera\/","title":{"rendered":"El Ropa Negra,una nueva canci\u00f3n para el padre Kino"},"content":{"rendered":"<p><\/p>\n<p style=\"text-align: justify;\">Nuestras felicitaciones y cumplidos van a Ray Siviri\u00e1n m\u00fasico para esta hermosa canci\u00f3n que dedic\u00f3 a su h\u00e9roe, el Padre Kino. \u00a0Ray has nos autorizado a publicarla \u00a0en nuestro sitio Web !!<\/p>\n<p>Gracias Ray<\/p>\n<hr \/>\n<div style=\"text-align: justify;\"><a href=\"http:\/\/www.padrekino.org\/wp-content\/uploads\/2016\/04\/ray.jpg\"><img loading=\"lazy\" class=\"size-medium wp-image-1808 alignleft\" src=\"http:\/\/www.padrekino.org\/wp-content\/uploads\/2016\/04\/ray-300x169.jpg\" alt=\"ray\" width=\"300\" height=\"169\" srcset=\"https:\/\/www.padrekino.org\/wp-content\/uploads\/2016\/04\/ray-300x169.jpg 300w, https:\/\/www.padrekino.org\/wp-content\/uploads\/2016\/04\/ray.jpg 320w\" sizes=\"(max-width: 300px) 100vw, 300px\" \/><\/a>Hola, espero en Dios est\u00e9n bien!<\/div>\n<div style=\"text-align: justify;\"><\/div>\n<div style=\"text-align: justify;\">Me han facilitado este correo en el seminario mayor de\u00a0Hermosillo, Sonora M\u00e9xico espero llegue al destinatario.<\/div>\n<div style=\"text-align: justify;\">Mi nombre es <em><strong>Ray Siviri\u00e1n<\/strong><\/em> soy m\u00fasico y compositor nacido en estas tierras adem\u00e1s admirador del padre Kino. Por esto mismo, al leer la biograf\u00eda de Kino y su vida misionera aqu\u00ed en Sonora M\u00e9xico, me inspir\u00f3 a escribirle una canci\u00f3n que aqu\u00ed les env\u00edo.<\/div>\n<div style=\"text-align: justify;\">Estoy a sus \u00f3rdenes en Hermosillo, Sonora M\u00e9xico.<\/div>\n<div style=\"text-align: justify;\"><\/div>\n<div style=\"text-align: justify;\">Ray Siviri\u00e1n<\/div>\n<div style=\"text-align: justify;\">\n<hr \/>\n<p style=\"text-align: justify;\">Puede encontrar la canci\u00f3n en Youtube en el siguiente\u00a0link, se llama <em><strong>\u00abEl Ropa Negra\u00bb<\/strong> <\/em><\/p>\n<p><iframe width=\"629\" height=\"354\" src=\"https:\/\/www.youtube.com\/embed\/9T-3MK3NiAk?feature=oembed\" frameborder=\"0\" allowfullscreen><\/iframe><\/p>\n<hr \/>\n<p>Este es el texto de la canci\u00f3n<\/p>\n<div><a href=\"http:\/\/www.padrekino.org\/wp-content\/uploads\/2016\/04\/el-ropa-negra.pdf\" target=\"_blank\" rel=\"\">el ropa negra<\/a><\/div>\n<\/div>\n<p><\/p>","protected":false},"excerpt":{"rendered":"<p>Nuestras felicitaciones y cumplidos van a Ray Siviri\u00e1n m\u00fasico para esta hermosa canci\u00f3n que dedic\u00f3 a su h\u00e9roe, el Padre Kino. \u00a0Ray has nos autorizado a publicarla \u00a0en nuestro sitio Web !! Gracias Ray Hola, espero en Dios est\u00e9n bien! Me han facilitado este correo en el seminario mayor de\u00a0Hermosillo, Sonora M\u00e9xico espero llegue al [&hellip;]<\/p>\n","protected":false},"author":2,"featured_media":0,"comment_status":"closed","ping_status":"closed","sticky":false,"template":"","format":"standard","meta":[],"categories":[1],"tags":[],"yoast_head":"<!-- This site is optimized with the Yoast SEO plugin v15.5 - https:\/\/yoast.com\/wordpress\/plugins\/seo\/ -->\n<title>El Ropa Negra,una nueva canci\u00f3n para el padre Kino - Padre Kino<\/title>\n<meta name=\"robots\" content=\"index, follow, max-snippet:-1, max-image-preview:large, max-video-preview:-1\" \/>\n<link rel=\"canonical\" href=\"http:\/\/www.padrekino.org\/il-veste-nera\/\" \/>\n<meta property=\"og:locale\" content=\"es_ES\" \/>\n<meta property=\"og:type\" content=\"article\" \/>\n<meta property=\"og:title\" content=\"El Ropa Negra,una nueva canci\u00f3n para el padre Kino - Padre Kino\" \/>\n<meta property=\"og:description\" content=\"Nuestras felicitaciones y cumplidos van a Ray Siviri\u00e1n m\u00fasico para esta hermosa canci\u00f3n que dedic\u00f3 a su h\u00e9roe, el Padre Kino. \u00a0Ray has nos autorizado a publicarla \u00a0en nuestro sitio Web !! Gracias Ray Hola, espero en Dios est\u00e9n bien! Me han facilitado este correo en el seminario mayor de\u00a0Hermosillo, Sonora M\u00e9xico espero llegue al [&hellip;]\" \/>\n<meta property=\"og:url\" content=\"http:\/\/www.padrekino.org\/il-veste-nera\/\" \/>\n<meta property=\"og:site_name\" content=\"Padre Kino\" \/>\n<meta property=\"article:published_time\" content=\"2016-04-26T10:30:47+00:00\" \/>\n<meta property=\"article:modified_time\" content=\"2016-06-30T12:07:58+00:00\" \/>\n<meta property=\"og:image\" content=\"http:\/\/www.padrekino.org\/wp-content\/uploads\/2016\/04\/ray-300x169.jpg\" \/>\n<meta name=\"twitter:card\" content=\"summary\" \/>\n<meta name=\"twitter:label1\" content=\"Tiempo de lectura\">\n\t<meta name=\"twitter:data1\" content=\"3 minutos\">\n<script type=\"application\/ld+json\" class=\"yoast-schema-graph\">{\"@context\":\"https:\/\/schema.org\",\"@graph\":[{\"@type\":\"WebSite\",\"@id\":\"http:\/\/www.padrekino.org\/de\/#website\",\"url\":\"http:\/\/www.padrekino.org\/de\/\",\"name\":\"Padre Kino\",\"description\":\"Padre a Cavallo\",\"potentialAction\":[{\"@type\":\"SearchAction\",\"target\":\"http:\/\/www.padrekino.org\/de\/?s={search_term_string}\",\"query-input\":\"required name=search_term_string\"}],\"inLanguage\":\"es\"},{\"@type\":\"ImageObject\",\"@id\":\"http:\/\/www.padrekino.org\/il-veste-nera\/#primaryimage\",\"inLanguage\":\"es\",\"url\":\"http:\/\/www.padrekino.org\/wp-content\/uploads\/2016\/04\/ray-300x169.jpg\"},{\"@type\":\"WebPage\",\"@id\":\"http:\/\/www.padrekino.org\/il-veste-nera\/#webpage\",\"url\":\"http:\/\/www.padrekino.org\/il-veste-nera\/\",\"name\":\"El Ropa Negra,una nueva canci\\u00f3n para el padre Kino - Padre Kino\",\"isPartOf\":{\"@id\":\"http:\/\/www.padrekino.org\/de\/#website\"},\"primaryImageOfPage\":{\"@id\":\"http:\/\/www.padrekino.org\/il-veste-nera\/#primaryimage\"},\"datePublished\":\"2016-04-26T10:30:47+00:00\",\"dateModified\":\"2016-06-30T12:07:58+00:00\",\"author\":{\"@id\":\"http:\/\/www.padrekino.org\/de\/#\/schema\/person\/9b6f1df9f3c316e636a19d2fe4dbcdbc\"},\"inLanguage\":\"es\",\"potentialAction\":[{\"@type\":\"ReadAction\",\"target\":[\"http:\/\/www.padrekino.org\/il-veste-nera\/\"]}]},{\"@type\":\"Person\",\"@id\":\"http:\/\/www.padrekino.org\/de\/#\/schema\/person\/9b6f1df9f3c316e636a19d2fe4dbcdbc\",\"name\":\"Ammin\"}]}<\/script>\n<!-- \/ Yoast SEO plugin. -->","_links":{"self":[{"href":"https:\/\/www.padrekino.org\/es\/wp-json\/wp\/v2\/posts\/1797"}],"collection":[{"href":"https:\/\/www.padrekino.org\/es\/wp-json\/wp\/v2\/posts"}],"about":[{"href":"https:\/\/www.padrekino.org\/es\/wp-json\/wp\/v2\/types\/post"}],"author":[{"embeddable":true,"href":"https:\/\/www.padrekino.org\/es\/wp-json\/wp\/v2\/users\/2"}],"replies":[{"embeddable":true,"href":"https:\/\/www.padrekino.org\/es\/wp-json\/wp\/v2\/comments?post=1797"}],"version-history":[{"count":0,"href":"https:\/\/www.padrekino.org\/es\/wp-json\/wp\/v2\/posts\/1797\/revisions"}],"wp:attachment":[{"href":"https:\/\/www.padrekino.org\/es\/wp-json\/wp\/v2\/media?parent=1797"}],"wp:term":[{"taxonomy":"category","embeddable":true,"href":"https:\/\/www.padrekino.org\/es\/wp-json\/wp\/v2\/categories?post=1797"},{"taxonomy":"post_tag","embeddable":true,"href":"https:\/\/www.padrekino.org\/es\/wp-json\/wp\/v2\/tags?post=1797"}],"curies":[{"name":"wp","href":"https:\/\/api.w.org\/{rel}","templated":true}]}}