{"id":1834,"date":"2016-04-27T14:30:34","date_gmt":"2016-04-27T12:30:34","guid":{"rendered":"http:\/\/www.padrekino.org\/?p=1834"},"modified":"2016-06-07T13:46:25","modified_gmt":"2016-06-07T11:46:25","slug":"vescovo-la-diocesi-hermosillo","status":"publish","type":"post","link":"https:\/\/www.padrekino.org\/es\/vescovo-la-diocesi-hermosillo\/","title":{"rendered":"Nuevo Obispo por la Diocesi de Hermosillo"},"content":{"rendered":"<p><\/p>\n<p style=\"text-align: justify;\"><strong>Llega notiizia de M\u00e9xico, confirmada por L&#8217;Osservatore Romano del 26 de abril 2016 que Papa Francisco acept\u00f3 Exenci\u00f3n del Obisbo\u00a0de Hermosillo \u00a0y en consecuencia procedi\u00f3 a la designaci\u00f3n de su sucesor.<br \/>\n<\/strong><br \/>\nEl Santo Padre acept\u00f3 la renuncia al gobierno pastoral de la Arquidi\u00f3cesis de Hermosillo (M\u00e9xico), presentado por S. E. Mons. Ulises Mac\u00edas Salcedo, de conformidad con el can. 401 \u00a7 1 del C\u00f3digo de Derecho Can\u00f3nico.<br \/>\nEl Santo Padre ha nombrado Arzobispo Metropolitano de la Arquidi\u00f3cesis de Hermosillo (M\u00e9xico) S. E. Mons. Ruy Rend\u00f3n Leal, hasta ahora Obispo de Matamoros.<br \/>\nS. E. Mons. Ruy Rend\u00f3n Leal naci\u00f3 en Ciudad de Cadereyta de Jim\u00e9nez, Arquidi\u00f3cesis de Monterrey, 27 de octubre de 1953. Complet\u00f3 sus estudios sacerdotales en el Seminario de Monterrey y fue ordenado sacerdote el 8 de septiembre de 1979. Tiene una Licenciatura en Teolog\u00eda B\u00edblica en la Universidad Gregoriana de Roma.<br \/>\nLlev\u00f3 a cabo su ministerio sacerdotal en diversos campos de apostolado. Fue nombrado obispo de la Prelatura territorial de El Salto 28 de septiembre de 2005, recibiendo la ordenaci\u00f3n episcopal el 30 de noviembre.<br \/>\n16 de julio de 2011 fue trasladado a la sede de Matamoros.<\/p>\n<p>&nbsp;<\/p>\n<p>Lea el art\u00edculo original del \u00abOsservatore Romano\u00bb en formato pdf:\u00a0<a href=\"http:\/\/www.padrekino.org\/wp-content\/uploads\/2016\/04\/Rinunce-e-nomine-1.pdf\" target=\"_blank\" rel=\"\">Rinunce e nomine<\/a><\/p>\n<p>https:\/\/youtu.be\/10DyUQ4GhPU<\/p>","protected":false},"excerpt":{"rendered":"<p>Llega notiizia de M\u00e9xico, confirmada por L&#8217;Osservatore Romano del 26 de abril 2016 que Papa Francisco acept\u00f3 Exenci\u00f3n del Obisbo\u00a0de Hermosillo \u00a0y en consecuencia procedi\u00f3 a la designaci\u00f3n de su sucesor. El Santo Padre acept\u00f3 la renuncia al gobierno pastoral de la Arquidi\u00f3cesis de Hermosillo (M\u00e9xico), presentado por S. E. Mons. Ulises Mac\u00edas Salcedo, de [&hellip;]<\/p>\n","protected":false},"author":2,"featured_media":0,"comment_status":"closed","ping_status":"closed","sticky":false,"template":"","format":"standard","meta":[],"categories":[10,1],"tags":[],"yoast_head":"<!-- This site is optimized with the Yoast SEO plugin v15.5 - https:\/\/yoast.com\/wordpress\/plugins\/seo\/ -->\n<title>Nuevo Obispo por la Diocesi de Hermosillo - Padre Kino<\/title>\n<meta name=\"robots\" content=\"index, follow, max-snippet:-1, max-image-preview:large, max-video-preview:-1\" \/>\n<link rel=\"canonical\" href=\"https:\/\/www.padrekino.org\/vescovo-la-diocesi-hermosillo\/\" \/>\n<meta property=\"og:locale\" content=\"es_ES\" \/>\n<meta property=\"og:type\" content=\"article\" \/>\n<meta property=\"og:title\" content=\"Nuevo Obispo por la Diocesi de Hermosillo - Padre Kino\" \/>\n<meta property=\"og:description\" content=\"Llega notiizia de M\u00e9xico, confirmada por L&#8217;Osservatore Romano del 26 de abril 2016 que Papa Francisco acept\u00f3 Exenci\u00f3n del Obisbo\u00a0de Hermosillo \u00a0y en consecuencia procedi\u00f3 a la designaci\u00f3n de su sucesor. El Santo Padre acept\u00f3 la renuncia al gobierno pastoral de la Arquidi\u00f3cesis de Hermosillo (M\u00e9xico), presentado por S. E. Mons. Ulises Mac\u00edas Salcedo, de [&hellip;]\" \/>\n<meta property=\"og:url\" content=\"https:\/\/www.padrekino.org\/vescovo-la-diocesi-hermosillo\/\" \/>\n<meta property=\"og:site_name\" content=\"Padre Kino\" \/>\n<meta property=\"article:published_time\" content=\"2016-04-27T12:30:34+00:00\" \/>\n<meta property=\"article:modified_time\" content=\"2016-06-07T11:46:25+00:00\" \/>\n<meta name=\"twitter:card\" content=\"summary\" \/>\n<meta name=\"twitter:label1\" content=\"Tiempo de lectura\">\n\t<meta name=\"twitter:data1\" content=\"2 minutos\">\n<script type=\"application\/ld+json\" class=\"yoast-schema-graph\">{\"@context\":\"https:\/\/schema.org\",\"@graph\":[{\"@type\":\"WebSite\",\"@id\":\"http:\/\/www.padrekino.org\/de\/#website\",\"url\":\"http:\/\/www.padrekino.org\/de\/\",\"name\":\"Padre Kino\",\"description\":\"Padre a Cavallo\",\"potentialAction\":[{\"@type\":\"SearchAction\",\"target\":\"http:\/\/www.padrekino.org\/de\/?s={search_term_string}\",\"query-input\":\"required name=search_term_string\"}],\"inLanguage\":\"es\"},{\"@type\":\"WebPage\",\"@id\":\"https:\/\/www.padrekino.org\/vescovo-la-diocesi-hermosillo\/#webpage\",\"url\":\"https:\/\/www.padrekino.org\/vescovo-la-diocesi-hermosillo\/\",\"name\":\"Nuevo Obispo por la Diocesi de Hermosillo - Padre Kino\",\"isPartOf\":{\"@id\":\"http:\/\/www.padrekino.org\/de\/#website\"},\"datePublished\":\"2016-04-27T12:30:34+00:00\",\"dateModified\":\"2016-06-07T11:46:25+00:00\",\"author\":{\"@id\":\"http:\/\/www.padrekino.org\/de\/#\/schema\/person\/9b6f1df9f3c316e636a19d2fe4dbcdbc\"},\"inLanguage\":\"es\",\"potentialAction\":[{\"@type\":\"ReadAction\",\"target\":[\"https:\/\/www.padrekino.org\/vescovo-la-diocesi-hermosillo\/\"]}]},{\"@type\":\"Person\",\"@id\":\"http:\/\/www.padrekino.org\/de\/#\/schema\/person\/9b6f1df9f3c316e636a19d2fe4dbcdbc\",\"name\":\"Ammin\"}]}<\/script>\n<!-- \/ Yoast SEO plugin. -->","_links":{"self":[{"href":"https:\/\/www.padrekino.org\/es\/wp-json\/wp\/v2\/posts\/1834"}],"collection":[{"href":"https:\/\/www.padrekino.org\/es\/wp-json\/wp\/v2\/posts"}],"about":[{"href":"https:\/\/www.padrekino.org\/es\/wp-json\/wp\/v2\/types\/post"}],"author":[{"embeddable":true,"href":"https:\/\/www.padrekino.org\/es\/wp-json\/wp\/v2\/users\/2"}],"replies":[{"embeddable":true,"href":"https:\/\/www.padrekino.org\/es\/wp-json\/wp\/v2\/comments?post=1834"}],"version-history":[{"count":0,"href":"https:\/\/www.padrekino.org\/es\/wp-json\/wp\/v2\/posts\/1834\/revisions"}],"wp:attachment":[{"href":"https:\/\/www.padrekino.org\/es\/wp-json\/wp\/v2\/media?parent=1834"}],"wp:term":[{"taxonomy":"category","embeddable":true,"href":"https:\/\/www.padrekino.org\/es\/wp-json\/wp\/v2\/categories?post=1834"},{"taxonomy":"post_tag","embeddable":true,"href":"https:\/\/www.padrekino.org\/es\/wp-json\/wp\/v2\/tags?post=1834"}],"curies":[{"name":"wp","href":"https:\/\/api.w.org\/{rel}","templated":true}]}}