{"id":1863,"date":"2016-05-11T23:00:16","date_gmt":"2016-05-11T21:00:16","guid":{"rendered":"http:\/\/www.padrekino.org\/?p=1863"},"modified":"2016-06-30T14:06:31","modified_gmt":"2016-06-30T12:06:31","slug":"english-50th-anniversary-celebrations-of-finding-father-kinos-grave","status":"publish","type":"post","link":"https:\/\/www.padrekino.org\/es\/english-50th-anniversary-celebrations-of-finding-father-kinos-grave\/","title":{"rendered":"Celebraci\u00f3n del 50 aniversario del hallazgo de la tumba del padre Kino"},"content":{"rendered":"<p><\/p>\n<p style=\"text-align: justify;\">\n<a href=\"http:\/\/www.padrekino.org\/wp-content\/uploads\/2016\/01\/magdalena_g.jpg\"><img loading=\"lazy\" class=\"size-medium wp-image-595 alignleft\" src=\"http:\/\/www.padrekino.org\/wp-content\/uploads\/2016\/01\/magdalena_g-300x105.jpg\" alt=\"magdalena_g\" width=\"300\" height=\"105\" srcset=\"https:\/\/www.padrekino.org\/wp-content\/uploads\/2016\/01\/magdalena_g-300x105.jpg 300w, https:\/\/www.padrekino.org\/wp-content\/uploads\/2016\/01\/magdalena_g-768x269.jpg 768w, https:\/\/www.padrekino.org\/wp-content\/uploads\/2016\/01\/magdalena_g-1024x358.jpg 1024w, https:\/\/www.padrekino.org\/wp-content\/uploads\/2016\/01\/magdalena_g.jpg 1200w\" sizes=\"(max-width: 300px) 100vw, 300px\" \/><\/a>El dia 21 de \u00a0mayo de 1966, \u00a0los detectives y\u00a0\u00a0historiador del Instituto \u00a0Nacional de M\u00e9xico de Antropolog\u00eda y\u00a0Historia (INAH) y del Museo del Estado de Arizona anunci\u00f3 el descubrimiento de los restos \u00f3seos del Padre Kino despu\u00e9s de una b\u00fasqueda 40 a\u00f1os. Ver m\u00e1s en:<\/p>\n<p><a href=\"http:\/\/padrekino.com\/kino-s-legacy\/kino-grave-discovery\/\" target=\"_blank\">http:\/\/padrekino.com\/kino-s-legacy\/kino-grave-discovery\/<\/a><\/p>\n<p style=\"text-align: justify;\"><a href=\"http:\/\/www.padrekino.org\/wp-content\/uploads\/2016\/01\/magdalena_f.jpg\"><img loading=\"lazy\" class=\"size-medium wp-image-594 alignleft\" src=\"http:\/\/www.padrekino.org\/wp-content\/uploads\/2016\/01\/magdalena_f-300x211.jpg\" alt=\"magdalena_f\" width=\"300\" height=\"211\" srcset=\"https:\/\/www.padrekino.org\/wp-content\/uploads\/2016\/01\/magdalena_f-300x211.jpg 300w, https:\/\/www.padrekino.org\/wp-content\/uploads\/2016\/01\/magdalena_f.jpg 640w\" sizes=\"(max-width: 300px) 100vw, 300px\" \/><\/a><\/p>\n<p style=\"text-align: justify;\">\n<p><\/p>","protected":false},"excerpt":{"rendered":"<p>El dia 21 de \u00a0mayo de 1966, \u00a0los detectives y\u00a0\u00a0historiador del Instituto \u00a0Nacional de M\u00e9xico de Antropolog\u00eda y\u00a0Historia (INAH) y del Museo del Estado de Arizona anunci\u00f3 el descubrimiento de los restos \u00f3seos del Padre Kino despu\u00e9s de una b\u00fasqueda 40 a\u00f1os. Ver m\u00e1s en: http:\/\/padrekino.com\/kino-s-legacy\/kino-grave-discovery\/<\/p>\n","protected":false},"author":2,"featured_media":0,"comment_status":"closed","ping_status":"closed","sticky":false,"template":"","format":"standard","meta":[],"categories":[1],"tags":[],"yoast_head":"<!-- This site is optimized with the Yoast SEO plugin v15.5 - https:\/\/yoast.com\/wordpress\/plugins\/seo\/ -->\n<title>Celebraci\u00f3n del 50 aniversario del hallazgo de la tumba del padre Kino - Padre Kino<\/title>\n<meta name=\"robots\" content=\"index, follow, max-snippet:-1, max-image-preview:large, max-video-preview:-1\" \/>\n<link rel=\"canonical\" href=\"http:\/\/www.padrekino.org\/de\/english-50th-anniversary-celebrations-of-finding-father-kinos-grave\/\" \/>\n<meta property=\"og:locale\" content=\"es_ES\" \/>\n<meta property=\"og:type\" content=\"article\" \/>\n<meta property=\"og:title\" content=\"Celebraci\u00f3n del 50 aniversario del hallazgo de la tumba del padre Kino - Padre Kino\" \/>\n<meta property=\"og:description\" content=\"El dia 21 de \u00a0mayo de 1966, \u00a0los detectives y\u00a0\u00a0historiador del Instituto \u00a0Nacional de M\u00e9xico de Antropolog\u00eda y\u00a0Historia (INAH) y del Museo del Estado de Arizona anunci\u00f3 el descubrimiento de los restos \u00f3seos del Padre Kino despu\u00e9s de una b\u00fasqueda 40 a\u00f1os. Ver m\u00e1s en: http:\/\/padrekino.com\/kino-s-legacy\/kino-grave-discovery\/\" \/>\n<meta property=\"og:url\" content=\"http:\/\/www.padrekino.org\/de\/english-50th-anniversary-celebrations-of-finding-father-kinos-grave\/\" \/>\n<meta property=\"og:site_name\" content=\"Padre Kino\" \/>\n<meta property=\"article:published_time\" content=\"2016-05-11T21:00:16+00:00\" \/>\n<meta property=\"article:modified_time\" content=\"2016-06-30T12:06:31+00:00\" \/>\n<meta property=\"og:image\" content=\"http:\/\/www.padrekino.org\/wp-content\/uploads\/2016\/01\/magdalena_g-300x105.jpg\" \/>\n<meta name=\"twitter:card\" content=\"summary\" \/>\n<meta name=\"twitter:label1\" content=\"Tiempo de lectura\">\n\t<meta name=\"twitter:data1\" content=\"1 minuto\">\n<script type=\"application\/ld+json\" class=\"yoast-schema-graph\">{\"@context\":\"https:\/\/schema.org\",\"@graph\":[{\"@type\":\"WebSite\",\"@id\":\"http:\/\/www.padrekino.org\/de\/#website\",\"url\":\"http:\/\/www.padrekino.org\/de\/\",\"name\":\"Padre Kino\",\"description\":\"Padre a Cavallo\",\"potentialAction\":[{\"@type\":\"SearchAction\",\"target\":\"http:\/\/www.padrekino.org\/de\/?s={search_term_string}\",\"query-input\":\"required name=search_term_string\"}],\"inLanguage\":\"es\"},{\"@type\":\"ImageObject\",\"@id\":\"http:\/\/www.padrekino.org\/de\/english-50th-anniversary-celebrations-of-finding-father-kinos-grave\/#primaryimage\",\"inLanguage\":\"es\",\"url\":\"http:\/\/www.padrekino.org\/wp-content\/uploads\/2016\/01\/magdalena_g-300x105.jpg\"},{\"@type\":\"WebPage\",\"@id\":\"http:\/\/www.padrekino.org\/de\/english-50th-anniversary-celebrations-of-finding-father-kinos-grave\/#webpage\",\"url\":\"http:\/\/www.padrekino.org\/de\/english-50th-anniversary-celebrations-of-finding-father-kinos-grave\/\",\"name\":\"Celebraci\\u00f3n del 50 aniversario del hallazgo de la tumba del padre Kino - Padre Kino\",\"isPartOf\":{\"@id\":\"http:\/\/www.padrekino.org\/de\/#website\"},\"primaryImageOfPage\":{\"@id\":\"http:\/\/www.padrekino.org\/de\/english-50th-anniversary-celebrations-of-finding-father-kinos-grave\/#primaryimage\"},\"datePublished\":\"2016-05-11T21:00:16+00:00\",\"dateModified\":\"2016-06-30T12:06:31+00:00\",\"author\":{\"@id\":\"http:\/\/www.padrekino.org\/de\/#\/schema\/person\/9b6f1df9f3c316e636a19d2fe4dbcdbc\"},\"inLanguage\":\"es\",\"potentialAction\":[{\"@type\":\"ReadAction\",\"target\":[\"http:\/\/www.padrekino.org\/de\/english-50th-anniversary-celebrations-of-finding-father-kinos-grave\/\"]}]},{\"@type\":\"Person\",\"@id\":\"http:\/\/www.padrekino.org\/de\/#\/schema\/person\/9b6f1df9f3c316e636a19d2fe4dbcdbc\",\"name\":\"Ammin\"}]}<\/script>\n<!-- \/ Yoast SEO plugin. -->","_links":{"self":[{"href":"https:\/\/www.padrekino.org\/es\/wp-json\/wp\/v2\/posts\/1863"}],"collection":[{"href":"https:\/\/www.padrekino.org\/es\/wp-json\/wp\/v2\/posts"}],"about":[{"href":"https:\/\/www.padrekino.org\/es\/wp-json\/wp\/v2\/types\/post"}],"author":[{"embeddable":true,"href":"https:\/\/www.padrekino.org\/es\/wp-json\/wp\/v2\/users\/2"}],"replies":[{"embeddable":true,"href":"https:\/\/www.padrekino.org\/es\/wp-json\/wp\/v2\/comments?post=1863"}],"version-history":[{"count":0,"href":"https:\/\/www.padrekino.org\/es\/wp-json\/wp\/v2\/posts\/1863\/revisions"}],"wp:attachment":[{"href":"https:\/\/www.padrekino.org\/es\/wp-json\/wp\/v2\/media?parent=1863"}],"wp:term":[{"taxonomy":"category","embeddable":true,"href":"https:\/\/www.padrekino.org\/es\/wp-json\/wp\/v2\/categories?post=1863"},{"taxonomy":"post_tag","embeddable":true,"href":"https:\/\/www.padrekino.org\/es\/wp-json\/wp\/v2\/tags?post=1863"}],"curies":[{"name":"wp","href":"https:\/\/api.w.org\/{rel}","templated":true}]}}