{"id":2230,"date":"2016-07-26T15:23:04","date_gmt":"2016-07-26T13:23:04","guid":{"rendered":"http:\/\/www.padrekino.org\/?p=2230"},"modified":"2016-07-27T21:47:19","modified_gmt":"2016-07-27T19:47:19","slug":"trento-un-vescovo","status":"publish","type":"post","link":"https:\/\/www.padrekino.org\/es\/trento-un-vescovo\/","title":{"rendered":"un Nuevo Obispo en Trento"},"content":{"rendered":"<p><div id=\"attachment_2231\" style=\"width: 310px\" class=\"wp-caption alignleft\"><a href=\"http:\/\/www.padrekino.org\/wp-content\/uploads\/2016\/07\/bishop_2.jpg\"><img aria-describedby=\"caption-attachment-2231\" loading=\"lazy\" class=\"wp-image-2231 size-medium\" src=\"http:\/\/www.padrekino.org\/wp-content\/uploads\/2016\/07\/bishop_2-300x244.jpg\" alt=\"bishop_2\" width=\"300\" height=\"244\" srcset=\"https:\/\/www.padrekino.org\/wp-content\/uploads\/2016\/07\/bishop_2-300x244.jpg 300w, https:\/\/www.padrekino.org\/wp-content\/uploads\/2016\/07\/bishop_2.jpg 558w\" sizes=\"(max-width: 300px) 100vw, 300px\" \/><\/a><p id=\"caption-attachment-2231\" class=\"wp-caption-text\">Don lauro Tiso<\/p><\/div><\/p>\n<p style=\"text-align: justify;\"><em>Don <strong>Lauro Tisi<\/strong>, actual vicario actual del obispo, es el nuevo obispo de Trento.<\/em><\/p>\n<p style=\"text-align: justify;\">Trento. A partir de l&#8217;onze de febrero 2016 Don Lauro Tisi es el nuevo obispo de Trento. \u00c9l tendr\u00e1 \u00e9xito a la primera, monse\u00f1or Luigi Bressan, que gobern\u00f3 la di\u00f3cesis desde 1999.<\/p>\n<div id=\"attachment_2232\" style=\"width: 310px\" class=\"wp-caption alignright\"><a href=\"http:\/\/www.padrekino.org\/wp-content\/uploads\/2016\/07\/bishop.jpg\"><img aria-describedby=\"caption-attachment-2232\" loading=\"lazy\" class=\"wp-image-2232 size-medium\" src=\"http:\/\/www.padrekino.org\/wp-content\/uploads\/2016\/07\/bishop-300x201.jpg\" alt=\"bishop\" width=\"300\" height=\"201\" srcset=\"https:\/\/www.padrekino.org\/wp-content\/uploads\/2016\/07\/bishop-300x201.jpg 300w, https:\/\/www.padrekino.org\/wp-content\/uploads\/2016\/07\/bishop-768x514.jpg 768w, https:\/\/www.padrekino.org\/wp-content\/uploads\/2016\/07\/bishop-900x603.jpg 900w, https:\/\/www.padrekino.org\/wp-content\/uploads\/2016\/07\/bishop.jpg 978w\" sizes=\"(max-width: 300px) 100vw, 300px\" \/><\/a><p id=\"caption-attachment-2232\" class=\"wp-caption-text\">Don Lauro y Monse\u00f1or Bressan<\/p><\/div>\n<p style=\"text-align: justify;\">Nacido en 1962, Lauro Tisi es nativo de\u00a0Giustino.<br \/>\nFue ordenado sacerdote en 1987, despu\u00e9s de una breve como pastor asistente en Levico, de 1988 a 1995, fue vice-rector del seminario. Durante los \u00faltimos 12 a\u00f1os ha estado all\u00ed padre espiritual, particularmente responsable (desde 2001) para los sacerdotes j\u00f3venes. En 2007, el arzobispo Luigi Bressan de Trento design\u00f3 a Don Lauro Tisi, como vicario general de la di\u00f3cesis de Trento.<\/p>\n<p style=\"text-align: justify;\">Nuestra Asociaci\u00f3n en ofrecer a Don Lauro los mejores deseos para un trabajo pastoral\u00a0rentable, quiere\u00a0darle gracias a monse\u00f1or Luigi Bressan, por la atenci\u00f3n que siempre ha prestado a la figura del <em>Siervo de Dios Padre Eusebio F. Chini \u00a0 S. J..<\/em><br \/>\nEsperamos que Don Lauro podr\u00eda nutrir la misma atenci\u00f3n y sensibilidad, por lo que el camino hacia la beatificaci\u00f3n puede funcionar continuo y con una mayor fuerza !!<\/p>\n<p style=\"text-align: justify;\">Ad Majora Don Lauro !!<\/p>\n<p style=\"text-align: justify;\"><a href=\"http:\/\/trentinocorrierealpi.gelocal.it\/trento\/cronaca\/2016\/02\/10\/news\/e-don-lauro-tisi-il-nuovo-vescovo-di-trento-1.12933800\">http:\/\/trentinocorrierealpi.gelocal.it\/trento\/cronaca\/2016\/02\/10\/news\/e-don-lauro-tisi-il-nuovo-vescovo-di-trento-1.12933800<\/a><\/p>\n<p>https:\/\/www.youtube.com\/watch?v=QYiPmwRcsT4<\/p>","protected":false},"excerpt":{"rendered":"<p>Don Lauro Tisi, actual vicario actual del obispo, es el nuevo obispo de Trento. Trento. A partir de l&#8217;onze de febrero 2016 Don Lauro Tisi es el nuevo obispo de Trento. \u00c9l tendr\u00e1 \u00e9xito a la primera, monse\u00f1or Luigi Bressan, que gobern\u00f3 la di\u00f3cesis desde 1999. Nacido en 1962, Lauro Tisi es nativo de\u00a0Giustino. Fue [&hellip;]<\/p>\n","protected":false},"author":3,"featured_media":0,"comment_status":"closed","ping_status":"closed","sticky":false,"template":"","format":"standard","meta":[],"categories":[1],"tags":[],"yoast_head":"<!-- This site is optimized with the Yoast SEO plugin v15.5 - https:\/\/yoast.com\/wordpress\/plugins\/seo\/ -->\n<title>un Nuevo Obispo en Trento - Padre Kino<\/title>\n<meta name=\"robots\" content=\"index, follow, max-snippet:-1, max-image-preview:large, max-video-preview:-1\" \/>\n<link rel=\"canonical\" href=\"http:\/\/www.padrekino.org\/de\/trento-un-vescovo\/\" \/>\n<meta property=\"og:locale\" content=\"es_ES\" \/>\n<meta property=\"og:type\" content=\"article\" \/>\n<meta property=\"og:title\" content=\"un Nuevo Obispo en Trento - Padre Kino\" \/>\n<meta property=\"og:description\" content=\"Don Lauro Tisi, actual vicario actual del obispo, es el nuevo obispo de Trento. Trento. A partir de l&#8217;onze de febrero 2016 Don Lauro Tisi es el nuevo obispo de Trento. \u00c9l tendr\u00e1 \u00e9xito a la primera, monse\u00f1or Luigi Bressan, que gobern\u00f3 la di\u00f3cesis desde 1999. Nacido en 1962, Lauro Tisi es nativo de\u00a0Giustino. Fue [&hellip;]\" \/>\n<meta property=\"og:url\" content=\"http:\/\/www.padrekino.org\/de\/trento-un-vescovo\/\" \/>\n<meta property=\"og:site_name\" content=\"Padre Kino\" \/>\n<meta property=\"article:published_time\" content=\"2016-07-26T13:23:04+00:00\" \/>\n<meta property=\"article:modified_time\" content=\"2016-07-27T19:47:19+00:00\" \/>\n<meta property=\"og:image\" content=\"http:\/\/www.padrekino.org\/wp-content\/uploads\/2016\/07\/bishop_2-300x244.jpg\" \/>\n<meta name=\"twitter:card\" content=\"summary\" \/>\n<meta name=\"twitter:label1\" content=\"Tiempo de lectura\">\n\t<meta name=\"twitter:data1\" content=\"3 minutos\">\n<script type=\"application\/ld+json\" class=\"yoast-schema-graph\">{\"@context\":\"https:\/\/schema.org\",\"@graph\":[{\"@type\":\"WebSite\",\"@id\":\"http:\/\/www.padrekino.org\/de\/#website\",\"url\":\"http:\/\/www.padrekino.org\/de\/\",\"name\":\"Padre Kino\",\"description\":\"Padre a Cavallo\",\"potentialAction\":[{\"@type\":\"SearchAction\",\"target\":\"http:\/\/www.padrekino.org\/de\/?s={search_term_string}\",\"query-input\":\"required name=search_term_string\"}],\"inLanguage\":\"es\"},{\"@type\":\"ImageObject\",\"@id\":\"http:\/\/www.padrekino.org\/de\/trento-un-vescovo\/#primaryimage\",\"inLanguage\":\"es\",\"url\":\"http:\/\/www.padrekino.org\/wp-content\/uploads\/2016\/07\/bishop_2-300x244.jpg\"},{\"@type\":\"WebPage\",\"@id\":\"http:\/\/www.padrekino.org\/de\/trento-un-vescovo\/#webpage\",\"url\":\"http:\/\/www.padrekino.org\/de\/trento-un-vescovo\/\",\"name\":\"un Nuevo Obispo en Trento - Padre Kino\",\"isPartOf\":{\"@id\":\"http:\/\/www.padrekino.org\/de\/#website\"},\"primaryImageOfPage\":{\"@id\":\"http:\/\/www.padrekino.org\/de\/trento-un-vescovo\/#primaryimage\"},\"datePublished\":\"2016-07-26T13:23:04+00:00\",\"dateModified\":\"2016-07-27T19:47:19+00:00\",\"author\":{\"@id\":\"http:\/\/www.padrekino.org\/de\/#\/schema\/person\/07a72e085e65feb481ecb3fc192df47a\"},\"inLanguage\":\"es\",\"potentialAction\":[{\"@type\":\"ReadAction\",\"target\":[\"http:\/\/www.padrekino.org\/de\/trento-un-vescovo\/\"]}]},{\"@type\":\"Person\",\"@id\":\"http:\/\/www.padrekino.org\/de\/#\/schema\/person\/07a72e085e65feb481ecb3fc192df47a\",\"name\":\"KinoOrg\"}]}<\/script>\n<!-- \/ Yoast SEO plugin. -->","_links":{"self":[{"href":"https:\/\/www.padrekino.org\/es\/wp-json\/wp\/v2\/posts\/2230"}],"collection":[{"href":"https:\/\/www.padrekino.org\/es\/wp-json\/wp\/v2\/posts"}],"about":[{"href":"https:\/\/www.padrekino.org\/es\/wp-json\/wp\/v2\/types\/post"}],"author":[{"embeddable":true,"href":"https:\/\/www.padrekino.org\/es\/wp-json\/wp\/v2\/users\/3"}],"replies":[{"embeddable":true,"href":"https:\/\/www.padrekino.org\/es\/wp-json\/wp\/v2\/comments?post=2230"}],"version-history":[{"count":0,"href":"https:\/\/www.padrekino.org\/es\/wp-json\/wp\/v2\/posts\/2230\/revisions"}],"wp:attachment":[{"href":"https:\/\/www.padrekino.org\/es\/wp-json\/wp\/v2\/media?parent=2230"}],"wp:term":[{"taxonomy":"category","embeddable":true,"href":"https:\/\/www.padrekino.org\/es\/wp-json\/wp\/v2\/categories?post=2230"},{"taxonomy":"post_tag","embeddable":true,"href":"https:\/\/www.padrekino.org\/es\/wp-json\/wp\/v2\/tags?post=2230"}],"curies":[{"name":"wp","href":"https:\/\/api.w.org\/{rel}","templated":true}]}}