{"id":2634,"date":"2016-10-14T19:10:40","date_gmt":"2016-10-14T17:10:40","guid":{"rendered":"http:\/\/www.padrekino.org\/?p=2634"},"modified":"2016-10-14T19:30:31","modified_gmt":"2016-10-14T17:30:31","slug":"eine-nacht-der-corridos-der-padre-zu-pferd","status":"publish","type":"post","link":"https:\/\/www.padrekino.org\/es\/eine-nacht-der-corridos-der-padre-zu-pferd\/","title":{"rendered":"Un Noche de \u00abCorridos\u00bb &#8211; El Misionero a Caballo"},"content":{"rendered":"<p><\/p>\n<p style=\"text-align: justify;\">El corrido, una balada, en M\u00e9xico es una canci\u00f3n narrativa popular y una especie de forma de poes\u00eda. Las Corridos incluyen textos\u00a0de canciones \u00a0sobre la historia, la injusticia, la vida de la gente normal, los agricultores y otro material relacionado con aspectos sociales. El Corrido deriva del romanticismo y hoy en d\u00eda, sigue siendo una forma popular de arte.<br \/>\nEl rendimiento del Corrido comienza con el saludo del\u00a0cantante, el pre\u00e1mbulo de la historia, el contenido de la historia, la continuaci\u00f3n, una moral y la despedida del cantante.<\/p>\n<p>A partir del perfil de Facebook de \u00abEusebio Kino:<\/p>\n<p style=\"text-align: justify;\">\u00ab<a href=\"https:\/\/www.facebook.com\/eusebio.kino.56?fref=ts\">https:\/\/www.facebook.com\/eusebio.kino.56?fref=ts<\/a> :<br \/>\n<em>Muchas bellas corridos como \u00abEl Misionero a Caballo\u00bb se llevaron a cabo el 6 de octubre en el evento \u00abUn Noche de Corridos\u00bb, patrocinado por la U de A Biblioteca de Colecciones Especiales. El corrido \u00abPadre a Caballo\u00bb fue escrita por R\u00f3mulo Molina Romero pocos d\u00edas del 1966 descubrimiento de restos \u00f3seos de Kino en Magdalena por un equipo internacional de cient\u00edficos. Para actuaciones en directo cantante Celia Ruiz en un g\u00e9nero Mariachi.<\/em><\/p>\n<p><iframe width=\"629\" height=\"472\" src=\"https:\/\/www.youtube.com\/embed\/xW2ZaArhrDY?feature=oembed\" frameborder=\"0\" allowfullscreen><\/iframe><\/p>\n<p>Texto:<\/p>\n<p>\u00abEl Misionero a Caballo\u00bb<\/p>\n<p>Cuando vino el Padre Kino desde Europa<br \/>\npor la ha senda del Creador a trabajar<br \/>\nArizona, California y Sonora<br \/>\nSon testigos de su obra sin igual<br \/>\nAl llegar a caminos a distintos lugares<br \/>\nPor a dentro de las tribus atendi\u00f3<br \/>\nY al causando el bien de los hogares<br \/>\nEl cari\u00f1o de la gente conquisto<\/p>\n<p>Y se antoja imaginarlo en su caballo<br \/>\nCabalgando por los valles sin parar<br \/>\nAl galop en tendido y sin descanso<br \/>\nA su rebano tratando de llegar<\/p>\n<p>Desafiando los peligros del desierto<br \/>\ny la prisa de su eterno caminar<br \/>\ncon partidas y con grandes sufrimientos<br \/>\nA alguien destiento ten\u00eda que auxiliar<br \/>\nIn pulsaba tambi\u00e9n la ganaderilla<br \/>\nel cultivo desde siempre aprecio<br \/>\nEn las parte de la santa serranilla<br \/>\nsus valiosas ense\u00f1anzas imparti\u00f3<\/p>\n<p>Y se antoja imaginarlo en su caballo<br \/>\nCabalgando por los valles sin parar<br \/>\nAl galop en tendido y sin descanso<br \/>\nA su rebano tratando de llegar<\/p>\n<p>In contable sus jornadas misioneras<br \/>\nPor de nuestra civilizaci\u00f3n<br \/>\nY teniendo que luchar algunas penas<br \/>\nEl cansancio con su vida termino<br \/>\nY todo sea sabido por la historia<br \/>\nCuantas obras en su vida realizo<br \/>\nHoy por eso todo mundo en su memoria<br \/>\nPensamientos en su honor le dedico<\/p>\n<p>Y se antoja imaginarlo en su caballo<br \/>\nCabalgando por los valles sin parar<br \/>\nAl galop en tendido y sin descanso<br \/>\nA su rebano tratando de llegar<\/p>","protected":false},"excerpt":{"rendered":"<p>El corrido, una balada, en M\u00e9xico es una canci\u00f3n narrativa popular y una especie de forma de poes\u00eda. Las Corridos incluyen textos\u00a0de canciones \u00a0sobre la historia, la injusticia, la vida de la gente normal, los agricultores y otro material relacionado con aspectos sociales. El Corrido deriva del romanticismo y hoy en d\u00eda, sigue siendo una [&hellip;]<\/p>\n","protected":false},"author":3,"featured_media":0,"comment_status":"closed","ping_status":"closed","sticky":false,"template":"","format":"standard","meta":[],"categories":[1],"tags":[],"yoast_head":"<!-- This site is optimized with the Yoast SEO plugin v15.5 - https:\/\/yoast.com\/wordpress\/plugins\/seo\/ -->\n<title>Un Noche de &quot;Corridos&quot; - El Misionero a Caballo - Padre Kino<\/title>\n<meta name=\"robots\" content=\"index, follow, max-snippet:-1, max-image-preview:large, max-video-preview:-1\" \/>\n<link rel=\"canonical\" href=\"https:\/\/www.padrekino.org\/eine-nacht-der-corridos-der-padre-zu-pferd\/\" \/>\n<meta property=\"og:locale\" content=\"es_ES\" \/>\n<meta property=\"og:type\" content=\"article\" \/>\n<meta property=\"og:title\" content=\"Un Noche de &quot;Corridos&quot; - El Misionero a Caballo - Padre Kino\" \/>\n<meta property=\"og:description\" content=\"El corrido, una balada, en M\u00e9xico es una canci\u00f3n narrativa popular y una especie de forma de poes\u00eda. Las Corridos incluyen textos\u00a0de canciones \u00a0sobre la historia, la injusticia, la vida de la gente normal, los agricultores y otro material relacionado con aspectos sociales. El Corrido deriva del romanticismo y hoy en d\u00eda, sigue siendo una [&hellip;]\" \/>\n<meta property=\"og:url\" content=\"https:\/\/www.padrekino.org\/eine-nacht-der-corridos-der-padre-zu-pferd\/\" \/>\n<meta property=\"og:site_name\" content=\"Padre Kino\" \/>\n<meta property=\"article:published_time\" content=\"2016-10-14T17:10:40+00:00\" \/>\n<meta property=\"article:modified_time\" content=\"2016-10-14T17:30:31+00:00\" \/>\n<meta name=\"twitter:card\" content=\"summary\" \/>\n<meta name=\"twitter:label1\" content=\"Tiempo de lectura\">\n\t<meta name=\"twitter:data1\" content=\"7 minutos\">\n<script type=\"application\/ld+json\" class=\"yoast-schema-graph\">{\"@context\":\"https:\/\/schema.org\",\"@graph\":[{\"@type\":\"WebSite\",\"@id\":\"http:\/\/www.padrekino.org\/de\/#website\",\"url\":\"http:\/\/www.padrekino.org\/de\/\",\"name\":\"Padre Kino\",\"description\":\"Padre a Cavallo\",\"potentialAction\":[{\"@type\":\"SearchAction\",\"target\":\"http:\/\/www.padrekino.org\/de\/?s={search_term_string}\",\"query-input\":\"required name=search_term_string\"}],\"inLanguage\":\"es\"},{\"@type\":\"WebPage\",\"@id\":\"https:\/\/www.padrekino.org\/eine-nacht-der-corridos-der-padre-zu-pferd\/#webpage\",\"url\":\"https:\/\/www.padrekino.org\/eine-nacht-der-corridos-der-padre-zu-pferd\/\",\"name\":\"Un Noche de \\\"Corridos\\\" - El Misionero a Caballo - Padre Kino\",\"isPartOf\":{\"@id\":\"http:\/\/www.padrekino.org\/de\/#website\"},\"datePublished\":\"2016-10-14T17:10:40+00:00\",\"dateModified\":\"2016-10-14T17:30:31+00:00\",\"author\":{\"@id\":\"http:\/\/www.padrekino.org\/de\/#\/schema\/person\/07a72e085e65feb481ecb3fc192df47a\"},\"inLanguage\":\"es\",\"potentialAction\":[{\"@type\":\"ReadAction\",\"target\":[\"https:\/\/www.padrekino.org\/eine-nacht-der-corridos-der-padre-zu-pferd\/\"]}]},{\"@type\":\"Person\",\"@id\":\"http:\/\/www.padrekino.org\/de\/#\/schema\/person\/07a72e085e65feb481ecb3fc192df47a\",\"name\":\"KinoOrg\"}]}<\/script>\n<!-- \/ Yoast SEO plugin. -->","_links":{"self":[{"href":"https:\/\/www.padrekino.org\/es\/wp-json\/wp\/v2\/posts\/2634"}],"collection":[{"href":"https:\/\/www.padrekino.org\/es\/wp-json\/wp\/v2\/posts"}],"about":[{"href":"https:\/\/www.padrekino.org\/es\/wp-json\/wp\/v2\/types\/post"}],"author":[{"embeddable":true,"href":"https:\/\/www.padrekino.org\/es\/wp-json\/wp\/v2\/users\/3"}],"replies":[{"embeddable":true,"href":"https:\/\/www.padrekino.org\/es\/wp-json\/wp\/v2\/comments?post=2634"}],"version-history":[{"count":0,"href":"https:\/\/www.padrekino.org\/es\/wp-json\/wp\/v2\/posts\/2634\/revisions"}],"wp:attachment":[{"href":"https:\/\/www.padrekino.org\/es\/wp-json\/wp\/v2\/media?parent=2634"}],"wp:term":[{"taxonomy":"category","embeddable":true,"href":"https:\/\/www.padrekino.org\/es\/wp-json\/wp\/v2\/categories?post=2634"},{"taxonomy":"post_tag","embeddable":true,"href":"https:\/\/www.padrekino.org\/es\/wp-json\/wp\/v2\/tags?post=2634"}],"curies":[{"name":"wp","href":"https:\/\/api.w.org\/{rel}","templated":true}]}}