{"id":270,"date":"2001-11-01T16:40:41","date_gmt":"2001-11-01T15:40:41","guid":{"rendered":"http:\/\/www.padrekino.org\/?p=270"},"modified":"2016-06-07T20:51:34","modified_gmt":"2016-06-07T18:51:34","slug":"la-cabalgata-del-padre-kino","status":"publish","type":"post","link":"https:\/\/www.padrekino.org\/es\/la-cabalgata-del-padre-kino\/","title":{"rendered":"La Cabalgata del Padre Kino"},"content":{"rendered":"<p><\/p>\n<p style=\"text-align: justify;\"><strong>La\u00a0Cabalcata del Padre Kino.\u00a0<\/strong>Un grupo de entusiatas jinetes de Sonora y arizona, planean una calbalgata conmemorativa a lo largo del Valle bajo del Rio Gila, para conmemorar el 300\u00b0 aniversario del cruce de Kino por Colorado, justo cerca a la union de los dos rios. La cabalgata tendr\u00e1 lugar del 17 al 20 de noviembre, terminado con una barbacoa ( <img class=\"alignleft\" src=\"http:\/\/www.padrekino.org\/wp-content\/uploads\/2001\/11\/cabalcada-300x201.jpg\" alt=\"cabalcada\" \/>parrillada) en el parque Riverside, en Yuma. Al d\u00eda siguiente el 21 de noviembre habr\u00e1 una gran fiesta en M\u00e9xico, cuando los miembros de la cabalgata y el p\u00fablico entraran a los bancos de Colorado en donde Kino hizo su cruzada historica. El publico es bienvenido<\/p>\n<p><\/p>","protected":false},"excerpt":{"rendered":"<p>La\u00a0Cabalcata del Padre Kino.\u00a0Un grupo de entusiatas jinetes de Sonora y arizona, planean una calbalgata conmemorativa a lo largo del Valle bajo del Rio Gila, para conmemorar el 300\u00b0 aniversario del cruce de Kino por Colorado, justo cerca a la union de los dos rios. La cabalgata tendr\u00e1 lugar del 17 al 20 de noviembre, [&hellip;]<\/p>\n","protected":false},"author":2,"featured_media":0,"comment_status":"closed","ping_status":"closed","sticky":false,"template":"","format":"standard","meta":[],"categories":[1],"tags":[],"yoast_head":"<!-- This site is optimized with the Yoast SEO plugin v15.5 - https:\/\/yoast.com\/wordpress\/plugins\/seo\/ -->\n<title>La Cabalgata del Padre Kino - Padre Kino<\/title>\n<meta name=\"robots\" content=\"index, follow, max-snippet:-1, max-image-preview:large, max-video-preview:-1\" \/>\n<link rel=\"canonical\" href=\"http:\/\/www.padrekino.org\/en\/la-cabalgata-del-padre-kino\/\" \/>\n<meta property=\"og:locale\" content=\"es_ES\" \/>\n<meta property=\"og:type\" content=\"article\" \/>\n<meta property=\"og:title\" content=\"La Cabalgata del Padre Kino - Padre Kino\" \/>\n<meta property=\"og:description\" content=\"La\u00a0Cabalcata del Padre Kino.\u00a0Un grupo de entusiatas jinetes de Sonora y arizona, planean una calbalgata conmemorativa a lo largo del Valle bajo del Rio Gila, para conmemorar el 300\u00b0 aniversario del cruce de Kino por Colorado, justo cerca a la union de los dos rios. La cabalgata tendr\u00e1 lugar del 17 al 20 de noviembre, [&hellip;]\" \/>\n<meta property=\"og:url\" content=\"http:\/\/www.padrekino.org\/en\/la-cabalgata-del-padre-kino\/\" \/>\n<meta property=\"og:site_name\" content=\"Padre Kino\" \/>\n<meta property=\"article:published_time\" content=\"2001-11-01T15:40:41+00:00\" \/>\n<meta property=\"article:modified_time\" content=\"2016-06-07T18:51:34+00:00\" \/>\n<meta property=\"og:image\" content=\"http:\/\/www.padrekino.org\/wp-content\/uploads\/2001\/11\/cabalcada-300x201.jpg\" \/>\n<meta name=\"twitter:card\" content=\"summary\" \/>\n<meta name=\"twitter:label1\" content=\"Tiempo de lectura\">\n\t<meta name=\"twitter:data1\" content=\"1 minuto\">\n<script type=\"application\/ld+json\" class=\"yoast-schema-graph\">{\"@context\":\"https:\/\/schema.org\",\"@graph\":[{\"@type\":\"WebSite\",\"@id\":\"http:\/\/www.padrekino.org\/de\/#website\",\"url\":\"http:\/\/www.padrekino.org\/de\/\",\"name\":\"Padre Kino\",\"description\":\"Padre a Cavallo\",\"potentialAction\":[{\"@type\":\"SearchAction\",\"target\":\"http:\/\/www.padrekino.org\/de\/?s={search_term_string}\",\"query-input\":\"required name=search_term_string\"}],\"inLanguage\":\"es\"},{\"@type\":\"ImageObject\",\"@id\":\"http:\/\/www.padrekino.org\/en\/la-cabalgata-del-padre-kino\/#primaryimage\",\"inLanguage\":\"es\",\"url\":\"http:\/\/www.padrekino.org\/wp-content\/uploads\/2001\/11\/cabalcada-300x201.jpg\"},{\"@type\":\"WebPage\",\"@id\":\"http:\/\/www.padrekino.org\/en\/la-cabalgata-del-padre-kino\/#webpage\",\"url\":\"http:\/\/www.padrekino.org\/en\/la-cabalgata-del-padre-kino\/\",\"name\":\"La Cabalgata del Padre Kino - Padre Kino\",\"isPartOf\":{\"@id\":\"http:\/\/www.padrekino.org\/de\/#website\"},\"primaryImageOfPage\":{\"@id\":\"http:\/\/www.padrekino.org\/en\/la-cabalgata-del-padre-kino\/#primaryimage\"},\"datePublished\":\"2001-11-01T15:40:41+00:00\",\"dateModified\":\"2016-06-07T18:51:34+00:00\",\"author\":{\"@id\":\"http:\/\/www.padrekino.org\/de\/#\/schema\/person\/9b6f1df9f3c316e636a19d2fe4dbcdbc\"},\"inLanguage\":\"es\",\"potentialAction\":[{\"@type\":\"ReadAction\",\"target\":[\"http:\/\/www.padrekino.org\/en\/la-cabalgata-del-padre-kino\/\"]}]},{\"@type\":\"Person\",\"@id\":\"http:\/\/www.padrekino.org\/de\/#\/schema\/person\/9b6f1df9f3c316e636a19d2fe4dbcdbc\",\"name\":\"Ammin\"}]}<\/script>\n<!-- \/ Yoast SEO plugin. -->","_links":{"self":[{"href":"https:\/\/www.padrekino.org\/es\/wp-json\/wp\/v2\/posts\/270"}],"collection":[{"href":"https:\/\/www.padrekino.org\/es\/wp-json\/wp\/v2\/posts"}],"about":[{"href":"https:\/\/www.padrekino.org\/es\/wp-json\/wp\/v2\/types\/post"}],"author":[{"embeddable":true,"href":"https:\/\/www.padrekino.org\/es\/wp-json\/wp\/v2\/users\/2"}],"replies":[{"embeddable":true,"href":"https:\/\/www.padrekino.org\/es\/wp-json\/wp\/v2\/comments?post=270"}],"version-history":[{"count":0,"href":"https:\/\/www.padrekino.org\/es\/wp-json\/wp\/v2\/posts\/270\/revisions"}],"wp:attachment":[{"href":"https:\/\/www.padrekino.org\/es\/wp-json\/wp\/v2\/media?parent=270"}],"wp:term":[{"taxonomy":"category","embeddable":true,"href":"https:\/\/www.padrekino.org\/es\/wp-json\/wp\/v2\/categories?post=270"},{"taxonomy":"post_tag","embeddable":true,"href":"https:\/\/www.padrekino.org\/es\/wp-json\/wp\/v2\/tags?post=270"}],"curies":[{"name":"wp","href":"https:\/\/api.w.org\/{rel}","templated":true}]}}