{"id":3052,"date":"2017-03-16T22:55:32","date_gmt":"2017-03-16T21:55:32","guid":{"rendered":"http:\/\/www.padrekino.org\/?p=3052"},"modified":"2017-03-17T00:14:10","modified_gmt":"2017-03-16T23:14:10","slug":"tod-von-padre-kino-der-nahe-von-mitternacht-15-marz-1711","status":"publish","type":"post","link":"https:\/\/www.padrekino.org\/es\/tod-von-padre-kino-der-nahe-von-mitternacht-15-marz-1711\/","title":{"rendered":"Muerte del Padre Kino cerca de la Medianoche el 15 de marzo de 1711"},"content":{"rendered":"<p><\/p>\n<h5 style=\"text-align: center;\"><strong><span style=\"color: #0000ff;\">MUERTE DE PADRE KINO. &#8211; 11 DE MARZO DE 1711<\/span><\/strong><\/h5>\n<p style=\"text-align: justify;\">Aqu\u00ed est\u00e1 lo que se ha publicado en el perfil de Facebook \u00ab<span style=\"color: #0000ff;\">Eusebio Kino<\/span> <strong><span style=\"color: #ff0000;\">#<\/span><\/strong>\u00bb<br \/>\nNuestro m\u00e1s profundo agradecimiento al perfil de Facebook de nuestros amigos en \u00ab<span style=\"color: #0000ff;\">Eusebio Kino<\/span>\u00bb por su recordatorio sobre este importante evento!<\/p>\n<hr \/>\n<p style=\"text-align: justify;\"><a href=\"http:\/\/www.padrekino.org\/wp-content\/uploads\/2017\/03\/kino_death.jpg\"><img loading=\"lazy\" class=\"size-medium wp-image-3048 alignleft\" src=\"http:\/\/www.padrekino.org\/wp-content\/uploads\/2017\/03\/kino_death-300x124.jpg\" alt=\"\" width=\"300\" height=\"124\" srcset=\"https:\/\/www.padrekino.org\/wp-content\/uploads\/2017\/03\/kino_death-300x124.jpg 300w, https:\/\/www.padrekino.org\/wp-content\/uploads\/2017\/03\/kino_death-768x317.jpg 768w, https:\/\/www.padrekino.org\/wp-content\/uploads\/2017\/03\/kino_death-900x371.jpg 900w, https:\/\/www.padrekino.org\/wp-content\/uploads\/2017\/03\/kino_death.jpg 960w\" sizes=\"(max-width: 300px) 100vw, 300px\" \/><\/a>Hoy la gente de la Magdalena de Kino honra al Padre Kino en el aniversario de su muerte de una manera hermosa y poderosa con su desfile silencioso anual al anochecer a trav\u00e9s de las calles de su pueblo. El Padre Velarde escribi\u00f3 sobre la muerte de Kino: \u00abMuri\u00f3 como hab\u00eda vivido, con extrema humildad y pobreza &#8230; Su lecho de muerte, como su cama siempre, consist\u00eda en dos pieles de becerro para colch\u00f3n, dos cobijas como las de los indios, Pack de silla de almohada &#8230; Hab\u00eda viajado para dedicar una capilla finamente hecha en el pueblo de Santa Magdalena, consagrada a San Francisco Xavier. Lea sobre el descubrimiento de la tumba de Kino en 1966 en:\u00a0<a href=\"http:\/\/padrekino.com\/kino-s-legacy\/kino-grave-discovery\/\">http:\/\/padrekino.com\/kino-s-legacy\/kino-grave-discovery\/<\/a><\/p>\n<p style=\"text-align: justify;\"><a href=\"http:\/\/www.padrekino.org\/wp-content\/uploads\/2017\/03\/kino_death_1.jpg\"><img loading=\"lazy\" class=\"size-medium wp-image-3049 alignleft\" src=\"http:\/\/www.padrekino.org\/wp-content\/uploads\/2017\/03\/kino_death_1-300x200.jpg\" alt=\"\" width=\"300\" height=\"200\" srcset=\"https:\/\/www.padrekino.org\/wp-content\/uploads\/2017\/03\/kino_death_1-300x200.jpg 300w, https:\/\/www.padrekino.org\/wp-content\/uploads\/2017\/03\/kino_death_1-768x512.jpg 768w, https:\/\/www.padrekino.org\/wp-content\/uploads\/2017\/03\/kino_death_1-900x600.jpg 900w, https:\/\/www.padrekino.org\/wp-content\/uploads\/2017\/03\/kino_death_1.jpg 960w\" sizes=\"(max-width: 300px) 100vw, 300px\" \/><\/a><\/p>\n<p style=\"text-align: justify;\">Kino crey\u00f3 que se recuper\u00f3 de una enfermedad casi fatal a los 18 a\u00f1os por la intercesi\u00f3n del gran misionero jesuita San Francisco Javier. Kino mont\u00f3 su \u00faltimo sendero terrenal a los 66 a\u00f1os para dedicar una capilla a su santo patr\u00f3n. Velarde escribi\u00f3: \u00abMuri\u00f3 en la casa del Padre Campos, el Padre Kino se sinti\u00f3 mal cuando cant\u00f3 la Misa de dedicaci\u00f3n, y parece que el santo Ap\u00f3stol, a quien siempre se dedic\u00f3, llam\u00f3 a Kino para que, al ser enterrado en su Capilla, permanecer\u00eda cerca de la imagen sin vida del Ap\u00f3stol, porque hab\u00eda imitado al Santo viviente a trav\u00e9s de su obra apost\u00f3lica, a fin de que pudiera acompa\u00f1ar a Xavier, como creemos, en la dicha celestial \u00ab.<\/p>\n<p style=\"text-align: justify;\">Dibujos de Ettore \u00abTed\u00bb DeGrazia.<\/p>\n<p style=\"text-align: justify;\"><span style=\"color: #ff0000;\"><strong>#<\/strong><\/span> \u00abEusebio Kino\u00bb Perfil de Facebook:<br \/>\n<a href=\"https:\/\/www.facebook.com\/eusebio.kino.56?fref=ts\">https:\/\/www.facebook.com\/eusebio.kino.56?fref=ts<\/a><\/p>\n<p>&nbsp;<\/p>","protected":false},"excerpt":{"rendered":"<p>MUERTE DE PADRE KINO. &#8211; 11 DE MARZO DE 1711 Aqu\u00ed est\u00e1 lo que se ha publicado en el perfil de Facebook \u00abEusebio Kino #\u00bb Nuestro m\u00e1s profundo agradecimiento al perfil de Facebook de nuestros amigos en \u00abEusebio Kino\u00bb por su recordatorio sobre este importante evento! Hoy la gente de la Magdalena de Kino honra [&hellip;]<\/p>\n","protected":false},"author":3,"featured_media":0,"comment_status":"closed","ping_status":"closed","sticky":false,"template":"","format":"standard","meta":[],"categories":[1],"tags":[],"yoast_head":"<!-- This site is optimized with the Yoast SEO plugin v15.5 - https:\/\/yoast.com\/wordpress\/plugins\/seo\/ -->\n<title>Muerte del Padre Kino cerca de la Medianoche el 15 de marzo de 1711 - Padre Kino<\/title>\n<meta name=\"robots\" content=\"index, follow, max-snippet:-1, max-image-preview:large, max-video-preview:-1\" \/>\n<link rel=\"canonical\" href=\"https:\/\/www.padrekino.org\/es\/tod-von-padre-kino-der-nahe-von-mitternacht-15-marz-1711\/\" \/>\n<meta property=\"og:locale\" content=\"es_ES\" \/>\n<meta property=\"og:type\" content=\"article\" \/>\n<meta property=\"og:title\" content=\"Muerte del Padre Kino cerca de la Medianoche el 15 de marzo de 1711 - Padre Kino\" \/>\n<meta property=\"og:description\" content=\"MUERTE DE PADRE KINO. &#8211; 11 DE MARZO DE 1711 Aqu\u00ed est\u00e1 lo que se ha publicado en el perfil de Facebook \u00abEusebio Kino #\u00bb Nuestro m\u00e1s profundo agradecimiento al perfil de Facebook de nuestros amigos en \u00abEusebio Kino\u00bb por su recordatorio sobre este importante evento! Hoy la gente de la Magdalena de Kino honra [&hellip;]\" \/>\n<meta property=\"og:url\" content=\"https:\/\/www.padrekino.org\/es\/tod-von-padre-kino-der-nahe-von-mitternacht-15-marz-1711\/\" \/>\n<meta property=\"og:site_name\" content=\"Padre Kino\" \/>\n<meta property=\"article:published_time\" content=\"2017-03-16T21:55:32+00:00\" \/>\n<meta property=\"article:modified_time\" content=\"2017-03-16T23:14:10+00:00\" \/>\n<meta property=\"og:image\" content=\"http:\/\/www.padrekino.org\/wp-content\/uploads\/2017\/03\/kino_death-300x124.jpg\" \/>\n<meta name=\"twitter:card\" content=\"summary\" \/>\n<meta name=\"twitter:label1\" content=\"Tiempo de lectura\">\n\t<meta name=\"twitter:data1\" content=\"5 minutos\">\n<script type=\"application\/ld+json\" class=\"yoast-schema-graph\">{\"@context\":\"https:\/\/schema.org\",\"@graph\":[{\"@type\":\"WebSite\",\"@id\":\"http:\/\/www.padrekino.org\/de\/#website\",\"url\":\"http:\/\/www.padrekino.org\/de\/\",\"name\":\"Padre Kino\",\"description\":\"Padre a Cavallo\",\"potentialAction\":[{\"@type\":\"SearchAction\",\"target\":\"http:\/\/www.padrekino.org\/de\/?s={search_term_string}\",\"query-input\":\"required name=search_term_string\"}],\"inLanguage\":\"es\"},{\"@type\":\"ImageObject\",\"@id\":\"https:\/\/www.padrekino.org\/es\/tod-von-padre-kino-der-nahe-von-mitternacht-15-marz-1711\/#primaryimage\",\"inLanguage\":\"es\",\"url\":\"http:\/\/www.padrekino.org\/wp-content\/uploads\/2017\/03\/kino_death-300x124.jpg\"},{\"@type\":\"WebPage\",\"@id\":\"https:\/\/www.padrekino.org\/es\/tod-von-padre-kino-der-nahe-von-mitternacht-15-marz-1711\/#webpage\",\"url\":\"https:\/\/www.padrekino.org\/es\/tod-von-padre-kino-der-nahe-von-mitternacht-15-marz-1711\/\",\"name\":\"Muerte del Padre Kino cerca de la Medianoche el 15 de marzo de 1711 - Padre Kino\",\"isPartOf\":{\"@id\":\"http:\/\/www.padrekino.org\/de\/#website\"},\"primaryImageOfPage\":{\"@id\":\"https:\/\/www.padrekino.org\/es\/tod-von-padre-kino-der-nahe-von-mitternacht-15-marz-1711\/#primaryimage\"},\"datePublished\":\"2017-03-16T21:55:32+00:00\",\"dateModified\":\"2017-03-16T23:14:10+00:00\",\"author\":{\"@id\":\"http:\/\/www.padrekino.org\/de\/#\/schema\/person\/07a72e085e65feb481ecb3fc192df47a\"},\"inLanguage\":\"es\",\"potentialAction\":[{\"@type\":\"ReadAction\",\"target\":[\"https:\/\/www.padrekino.org\/es\/tod-von-padre-kino-der-nahe-von-mitternacht-15-marz-1711\/\"]}]},{\"@type\":\"Person\",\"@id\":\"http:\/\/www.padrekino.org\/de\/#\/schema\/person\/07a72e085e65feb481ecb3fc192df47a\",\"name\":\"KinoOrg\"}]}<\/script>\n<!-- \/ Yoast SEO plugin. -->","_links":{"self":[{"href":"https:\/\/www.padrekino.org\/es\/wp-json\/wp\/v2\/posts\/3052"}],"collection":[{"href":"https:\/\/www.padrekino.org\/es\/wp-json\/wp\/v2\/posts"}],"about":[{"href":"https:\/\/www.padrekino.org\/es\/wp-json\/wp\/v2\/types\/post"}],"author":[{"embeddable":true,"href":"https:\/\/www.padrekino.org\/es\/wp-json\/wp\/v2\/users\/3"}],"replies":[{"embeddable":true,"href":"https:\/\/www.padrekino.org\/es\/wp-json\/wp\/v2\/comments?post=3052"}],"version-history":[{"count":0,"href":"https:\/\/www.padrekino.org\/es\/wp-json\/wp\/v2\/posts\/3052\/revisions"}],"wp:attachment":[{"href":"https:\/\/www.padrekino.org\/es\/wp-json\/wp\/v2\/media?parent=3052"}],"wp:term":[{"taxonomy":"category","embeddable":true,"href":"https:\/\/www.padrekino.org\/es\/wp-json\/wp\/v2\/categories?post=3052"},{"taxonomy":"post_tag","embeddable":true,"href":"https:\/\/www.padrekino.org\/es\/wp-json\/wp\/v2\/tags?post=3052"}],"curies":[{"name":"wp","href":"https:\/\/api.w.org\/{rel}","templated":true}]}}