{"id":3102,"date":"2017-03-17T15:18:24","date_gmt":"2017-03-17T14:18:24","guid":{"rendered":"http:\/\/www.padrekino.org\/?p=3102"},"modified":"2017-03-17T15:21:14","modified_gmt":"2017-03-17T14:21:14","slug":"padre-kino-y-los-indios-oodham","status":"publish","type":"post","link":"https:\/\/www.padrekino.org\/es\/padre-kino-y-los-indios-oodham\/","title":{"rendered":"Padre Kino y los indios O&#8217;odham"},"content":{"rendered":"<p><\/p>\n<h5 style=\"text-align: center;\"><span style=\"color: #0000ff;\">Kino comienza el cuarto siglo de trabajo hace 330 a\u00f1os.<\/span><\/h5>\n<p style=\"text-align: justify;\">Queridos amigos del perfil \u00ab<span style=\"color: #0000ff;\">Eusebio Kino<\/span><span style=\"color: #ff0000;\"><strong>#<\/strong><\/span>\u00bb de Facebook, muchas gracias por mantenernos informados sobre los eventos importantes de la vida del Padre Kino!<\/p>\n<p style=\"text-align: justify;\"><a href=\"http:\/\/www.padrekino.org\/wp-content\/uploads\/2017\/03\/missioni.jpg\"><img loading=\"lazy\" class=\"size-medium wp-image-3100 alignleft\" src=\"http:\/\/www.padrekino.org\/wp-content\/uploads\/2017\/03\/missioni-266x300.jpg\" alt=\"\" width=\"266\" height=\"300\" srcset=\"https:\/\/www.padrekino.org\/wp-content\/uploads\/2017\/03\/missioni-266x300.jpg 266w, https:\/\/www.padrekino.org\/wp-content\/uploads\/2017\/03\/missioni-768x867.jpg 768w, https:\/\/www.padrekino.org\/wp-content\/uploads\/2017\/03\/missioni.jpg 850w\" sizes=\"(max-width: 266px) 100vw, 266px\" \/><\/a>El 13 de marzo de 1687, Kino acept\u00f3 la invitaci\u00f3n del pueblo O&#8217;odham de la aldea de Cosari y comenz\u00f3 sus 24 a\u00f1os de trabajo como misionero jesuita en la Pimer\u00eda Alta &#8211; ahora Sonora del Norte y el Sur de Arizona. Asistir\u00eda tanto a las necesidades espirituales como f\u00edsicas de los hablantes de O&#8217;odham y de otros pueblos ind\u00edgenas. Kino luch\u00f3 contra aquellos colonos espa\u00f1oles que sin descanso trataron de esclavizar al pueblo O&#8217;odham y robar sus tierras. Cosari se convertir\u00eda en el cuartel general de misi\u00f3n de Kino para las 24 misiones y visitas que estableci\u00f3. Nombr\u00f3 su primera misi\u00f3n en honor a Nuestra Se\u00f1ora de los Dolores.<\/p>\n<p>\u00a0 <strong><span style=\"color: #ff0000;\">#<\/span><\/strong> Ver m\u00e1s en Facebook en: <a href=\"https:\/\/www.facebook.com\/eusebio.kino.56?fref=ts\">https:\/\/www.facebook.com\/eusebio.kino.56?fref=ts<\/a><\/p>","protected":false},"excerpt":{"rendered":"<p>Kino comienza el cuarto siglo de trabajo hace 330 a\u00f1os. Queridos amigos del perfil \u00abEusebio Kino#\u00bb de Facebook, muchas gracias por mantenernos informados sobre los eventos importantes de la vida del Padre Kino! El 13 de marzo de 1687, Kino acept\u00f3 la invitaci\u00f3n del pueblo O&#8217;odham de la aldea de Cosari y comenz\u00f3 sus 24 [&hellip;]<\/p>\n","protected":false},"author":3,"featured_media":0,"comment_status":"closed","ping_status":"closed","sticky":false,"template":"","format":"standard","meta":[],"categories":[1],"tags":[],"yoast_head":"<!-- This site is optimized with the Yoast SEO plugin v15.5 - https:\/\/yoast.com\/wordpress\/plugins\/seo\/ -->\n<title>Padre Kino y los indios O&#039;odham - Padre Kino<\/title>\n<meta name=\"robots\" content=\"index, follow, max-snippet:-1, max-image-preview:large, max-video-preview:-1\" \/>\n<link rel=\"canonical\" href=\"https:\/\/www.padrekino.org\/es\/padre-kino-y-los-indios-oodham\/\" \/>\n<meta property=\"og:locale\" content=\"es_ES\" \/>\n<meta property=\"og:type\" content=\"article\" \/>\n<meta property=\"og:title\" content=\"Padre Kino y los indios O&#039;odham - Padre Kino\" \/>\n<meta property=\"og:description\" content=\"Kino comienza el cuarto siglo de trabajo hace 330 a\u00f1os. Queridos amigos del perfil \u00abEusebio Kino#\u00bb de Facebook, muchas gracias por mantenernos informados sobre los eventos importantes de la vida del Padre Kino! El 13 de marzo de 1687, Kino acept\u00f3 la invitaci\u00f3n del pueblo O&#8217;odham de la aldea de Cosari y comenz\u00f3 sus 24 [&hellip;]\" \/>\n<meta property=\"og:url\" content=\"https:\/\/www.padrekino.org\/es\/padre-kino-y-los-indios-oodham\/\" \/>\n<meta property=\"og:site_name\" content=\"Padre Kino\" \/>\n<meta property=\"article:published_time\" content=\"2017-03-17T14:18:24+00:00\" \/>\n<meta property=\"article:modified_time\" content=\"2017-03-17T14:21:14+00:00\" \/>\n<meta property=\"og:image\" content=\"http:\/\/www.padrekino.org\/wp-content\/uploads\/2017\/03\/missioni-266x300.jpg\" \/>\n<meta name=\"twitter:card\" content=\"summary\" \/>\n<meta name=\"twitter:label1\" content=\"Tiempo de lectura\">\n\t<meta name=\"twitter:data1\" content=\"3 minutos\">\n<script type=\"application\/ld+json\" class=\"yoast-schema-graph\">{\"@context\":\"https:\/\/schema.org\",\"@graph\":[{\"@type\":\"WebSite\",\"@id\":\"http:\/\/www.padrekino.org\/de\/#website\",\"url\":\"http:\/\/www.padrekino.org\/de\/\",\"name\":\"Padre Kino\",\"description\":\"Padre a Cavallo\",\"potentialAction\":[{\"@type\":\"SearchAction\",\"target\":\"http:\/\/www.padrekino.org\/de\/?s={search_term_string}\",\"query-input\":\"required name=search_term_string\"}],\"inLanguage\":\"es\"},{\"@type\":\"ImageObject\",\"@id\":\"https:\/\/www.padrekino.org\/es\/padre-kino-y-los-indios-oodham\/#primaryimage\",\"inLanguage\":\"es\",\"url\":\"http:\/\/www.padrekino.org\/wp-content\/uploads\/2017\/03\/missioni-266x300.jpg\"},{\"@type\":\"WebPage\",\"@id\":\"https:\/\/www.padrekino.org\/es\/padre-kino-y-los-indios-oodham\/#webpage\",\"url\":\"https:\/\/www.padrekino.org\/es\/padre-kino-y-los-indios-oodham\/\",\"name\":\"Padre Kino y los indios O'odham - Padre Kino\",\"isPartOf\":{\"@id\":\"http:\/\/www.padrekino.org\/de\/#website\"},\"primaryImageOfPage\":{\"@id\":\"https:\/\/www.padrekino.org\/es\/padre-kino-y-los-indios-oodham\/#primaryimage\"},\"datePublished\":\"2017-03-17T14:18:24+00:00\",\"dateModified\":\"2017-03-17T14:21:14+00:00\",\"author\":{\"@id\":\"http:\/\/www.padrekino.org\/de\/#\/schema\/person\/07a72e085e65feb481ecb3fc192df47a\"},\"inLanguage\":\"es\",\"potentialAction\":[{\"@type\":\"ReadAction\",\"target\":[\"https:\/\/www.padrekino.org\/es\/padre-kino-y-los-indios-oodham\/\"]}]},{\"@type\":\"Person\",\"@id\":\"http:\/\/www.padrekino.org\/de\/#\/schema\/person\/07a72e085e65feb481ecb3fc192df47a\",\"name\":\"KinoOrg\"}]}<\/script>\n<!-- \/ Yoast SEO plugin. -->","_links":{"self":[{"href":"https:\/\/www.padrekino.org\/es\/wp-json\/wp\/v2\/posts\/3102"}],"collection":[{"href":"https:\/\/www.padrekino.org\/es\/wp-json\/wp\/v2\/posts"}],"about":[{"href":"https:\/\/www.padrekino.org\/es\/wp-json\/wp\/v2\/types\/post"}],"author":[{"embeddable":true,"href":"https:\/\/www.padrekino.org\/es\/wp-json\/wp\/v2\/users\/3"}],"replies":[{"embeddable":true,"href":"https:\/\/www.padrekino.org\/es\/wp-json\/wp\/v2\/comments?post=3102"}],"version-history":[{"count":0,"href":"https:\/\/www.padrekino.org\/es\/wp-json\/wp\/v2\/posts\/3102\/revisions"}],"wp:attachment":[{"href":"https:\/\/www.padrekino.org\/es\/wp-json\/wp\/v2\/media?parent=3102"}],"wp:term":[{"taxonomy":"category","embeddable":true,"href":"https:\/\/www.padrekino.org\/es\/wp-json\/wp\/v2\/categories?post=3102"},{"taxonomy":"post_tag","embeddable":true,"href":"https:\/\/www.padrekino.org\/es\/wp-json\/wp\/v2\/tags?post=3102"}],"curies":[{"name":"wp","href":"https:\/\/api.w.org\/{rel}","templated":true}]}}