{"id":3183,"date":"2017-05-12T13:11:18","date_gmt":"2017-05-12T11:11:18","guid":{"rendered":"http:\/\/www.padrekino.org\/?p=3183"},"modified":"2017-05-16T12:19:27","modified_gmt":"2017-05-16T10:19:27","slug":"3183-2","status":"publish","type":"post","link":"https:\/\/www.padrekino.org\/es\/3183-2\/","title":{"rendered":"Festival de Kino &#8211; del 17 al 21 de Mayo"},"content":{"rendered":"<p>http:\/\/isc.gob.mx\/2017\/05\/10\/festival-kino-20-anos-de-magicatradicion\/<\/p>\n<p><a href=\"https:\/\/www.facebook.com\/hashtag\/festivalkino2017?source=feed_text\">https:\/\/www.facebook.com\/hashtag\/festivalkino2017?source=feed_text<\/a><\/p>\n<p><a href=\"http:\/\/isc.gob.mx\/2017\/05\/10\/festival-kino-20-anos-de-magicatradicion\/\">https:\/\/www.facebook.com\/AyuntamientoDeMagdalena\/?hc_ref=SEARCH<\/a><\/p>\n<p><a href=\"http:\/\/www.padrekino.org\/wp-content\/uploads\/2017\/05\/festival_kino_2017.jpg\"><img loading=\"lazy\" class=\"alignnone size-medium wp-image-3179\" src=\"http:\/\/www.padrekino.org\/wp-content\/uploads\/2017\/05\/festival_kino_2017-300x111.jpg\" alt=\"\" width=\"300\" height=\"111\" srcset=\"https:\/\/www.padrekino.org\/wp-content\/uploads\/2017\/05\/festival_kino_2017-300x111.jpg 300w, https:\/\/www.padrekino.org\/wp-content\/uploads\/2017\/05\/festival_kino_2017-768x284.jpg 768w, https:\/\/www.padrekino.org\/wp-content\/uploads\/2017\/05\/festival_kino_2017-1024x379.jpg 1024w, https:\/\/www.padrekino.org\/wp-content\/uploads\/2017\/05\/festival_kino_2017-900x333.jpg 900w, https:\/\/www.padrekino.org\/wp-content\/uploads\/2017\/05\/festival_kino_2017-1280x474.jpg 1280w, https:\/\/www.padrekino.org\/wp-content\/uploads\/2017\/05\/festival_kino_2017.jpg 1920w\" sizes=\"(max-width: 300px) 100vw, 300px\" \/><\/a><\/p>\n<p style=\"text-align: justify;\">El Festival de Magdalena de Kino es el segundo evento cultural m\u00e1s grande de Sonora y ofrece teatro, exhibici\u00f3n y venta de artesan\u00edas, arte, m\u00fasica y danza, conferencias, talleres, encuentro con la tribu O&#8217;odham, charlas antropol\u00f3gicas y recuerdo de la figura de Eusebio Francisco Kino.<br \/>\nEste a\u00f1o se celebra del 17 de mayo al 21 de mayo.<\/p>\n<p style=\"text-align: justify;\">Programa completo:\u00a0<a href=\"http:\/\/www.isc.gob.mx\/festival-kino\/\">www.isc.gob.mx\/festival-kino\/<\/a><\/p>\n<p><\/p>","protected":false},"excerpt":{"rendered":"<p>http:\/\/isc.gob.mx\/2017\/05\/10\/festival-kino-20-anos-de-magicatradicion\/ https:\/\/www.facebook.com\/hashtag\/festivalkino2017?source=feed_text https:\/\/www.facebook.com\/AyuntamientoDeMagdalena\/?hc_ref=SEARCH El Festival de Magdalena de Kino es el segundo evento cultural m\u00e1s grande de Sonora y ofrece teatro, exhibici\u00f3n y venta de artesan\u00edas, arte, m\u00fasica y danza, conferencias, talleres, encuentro con la tribu O&#8217;odham, charlas antropol\u00f3gicas y recuerdo de la figura de Eusebio Francisco Kino. Este a\u00f1o se celebra del 17 de [&hellip;]<\/p>\n","protected":false},"author":3,"featured_media":0,"comment_status":"closed","ping_status":"closed","sticky":false,"template":"","format":"standard","meta":[],"categories":[1],"tags":[],"yoast_head":"<!-- This site is optimized with the Yoast SEO plugin v15.5 - https:\/\/yoast.com\/wordpress\/plugins\/seo\/ -->\n<title>Festival de Kino - del 17 al 21 de Mayo - Padre Kino<\/title>\n<meta name=\"robots\" content=\"index, follow, max-snippet:-1, max-image-preview:large, max-video-preview:-1\" \/>\n<link rel=\"canonical\" href=\"http:\/\/www.padrekino.org\/en\/3183-2\/\" \/>\n<meta property=\"og:locale\" content=\"es_ES\" \/>\n<meta property=\"og:type\" content=\"article\" \/>\n<meta property=\"og:title\" content=\"Festival de Kino - del 17 al 21 de Mayo - Padre Kino\" \/>\n<meta property=\"og:description\" content=\"http:\/\/isc.gob.mx\/2017\/05\/10\/festival-kino-20-anos-de-magicatradicion\/ https:\/\/www.facebook.com\/hashtag\/festivalkino2017?source=feed_text https:\/\/www.facebook.com\/AyuntamientoDeMagdalena\/?hc_ref=SEARCH El Festival de Magdalena de Kino es el segundo evento cultural m\u00e1s grande de Sonora y ofrece teatro, exhibici\u00f3n y venta de artesan\u00edas, arte, m\u00fasica y danza, conferencias, talleres, encuentro con la tribu O&#8217;odham, charlas antropol\u00f3gicas y recuerdo de la figura de Eusebio Francisco Kino. Este a\u00f1o se celebra del 17 de [&hellip;]\" \/>\n<meta property=\"og:url\" content=\"http:\/\/www.padrekino.org\/en\/3183-2\/\" \/>\n<meta property=\"og:site_name\" content=\"Padre Kino\" \/>\n<meta property=\"article:published_time\" content=\"2017-05-12T11:11:18+00:00\" \/>\n<meta property=\"article:modified_time\" content=\"2017-05-16T10:19:27+00:00\" \/>\n<meta property=\"og:image\" content=\"http:\/\/www.padrekino.org\/wp-content\/uploads\/2017\/05\/festival_kino_2017-300x111.jpg\" \/>\n<meta name=\"twitter:card\" content=\"summary\" \/>\n<meta name=\"twitter:label1\" content=\"Tiempo de lectura\">\n\t<meta name=\"twitter:data1\" content=\"1 minuto\">\n<script type=\"application\/ld+json\" class=\"yoast-schema-graph\">{\"@context\":\"https:\/\/schema.org\",\"@graph\":[{\"@type\":\"WebSite\",\"@id\":\"http:\/\/www.padrekino.org\/de\/#website\",\"url\":\"http:\/\/www.padrekino.org\/de\/\",\"name\":\"Padre Kino\",\"description\":\"Padre a Cavallo\",\"potentialAction\":[{\"@type\":\"SearchAction\",\"target\":\"http:\/\/www.padrekino.org\/de\/?s={search_term_string}\",\"query-input\":\"required name=search_term_string\"}],\"inLanguage\":\"es\"},{\"@type\":\"ImageObject\",\"@id\":\"http:\/\/www.padrekino.org\/en\/3183-2\/#primaryimage\",\"inLanguage\":\"es\",\"url\":\"http:\/\/www.padrekino.org\/wp-content\/uploads\/2017\/05\/festival_kino_2017-300x111.jpg\"},{\"@type\":\"WebPage\",\"@id\":\"http:\/\/www.padrekino.org\/en\/3183-2\/#webpage\",\"url\":\"http:\/\/www.padrekino.org\/en\/3183-2\/\",\"name\":\"Festival de Kino - del 17 al 21 de Mayo - Padre Kino\",\"isPartOf\":{\"@id\":\"http:\/\/www.padrekino.org\/de\/#website\"},\"primaryImageOfPage\":{\"@id\":\"http:\/\/www.padrekino.org\/en\/3183-2\/#primaryimage\"},\"datePublished\":\"2017-05-12T11:11:18+00:00\",\"dateModified\":\"2017-05-16T10:19:27+00:00\",\"author\":{\"@id\":\"http:\/\/www.padrekino.org\/de\/#\/schema\/person\/07a72e085e65feb481ecb3fc192df47a\"},\"inLanguage\":\"es\",\"potentialAction\":[{\"@type\":\"ReadAction\",\"target\":[\"http:\/\/www.padrekino.org\/en\/3183-2\/\"]}]},{\"@type\":\"Person\",\"@id\":\"http:\/\/www.padrekino.org\/de\/#\/schema\/person\/07a72e085e65feb481ecb3fc192df47a\",\"name\":\"KinoOrg\"}]}<\/script>\n<!-- \/ Yoast SEO plugin. -->","_links":{"self":[{"href":"https:\/\/www.padrekino.org\/es\/wp-json\/wp\/v2\/posts\/3183"}],"collection":[{"href":"https:\/\/www.padrekino.org\/es\/wp-json\/wp\/v2\/posts"}],"about":[{"href":"https:\/\/www.padrekino.org\/es\/wp-json\/wp\/v2\/types\/post"}],"author":[{"embeddable":true,"href":"https:\/\/www.padrekino.org\/es\/wp-json\/wp\/v2\/users\/3"}],"replies":[{"embeddable":true,"href":"https:\/\/www.padrekino.org\/es\/wp-json\/wp\/v2\/comments?post=3183"}],"version-history":[{"count":0,"href":"https:\/\/www.padrekino.org\/es\/wp-json\/wp\/v2\/posts\/3183\/revisions"}],"wp:attachment":[{"href":"https:\/\/www.padrekino.org\/es\/wp-json\/wp\/v2\/media?parent=3183"}],"wp:term":[{"taxonomy":"category","embeddable":true,"href":"https:\/\/www.padrekino.org\/es\/wp-json\/wp\/v2\/categories?post=3183"},{"taxonomy":"post_tag","embeddable":true,"href":"https:\/\/www.padrekino.org\/es\/wp-json\/wp\/v2\/tags?post=3183"}],"curies":[{"name":"wp","href":"https:\/\/api.w.org\/{rel}","templated":true}]}}