{"id":3192,"date":"2017-05-15T14:01:00","date_gmt":"2017-05-15T12:01:00","guid":{"rendered":"http:\/\/www.padrekino.org\/?p=3192"},"modified":"2017-05-16T12:13:06","modified_gmt":"2017-05-16T10:13:06","slug":"nuevo-film-documental-sobre-el-padre-kino","status":"publish","type":"post","link":"https:\/\/www.padrekino.org\/es\/nuevo-film-documental-sobre-el-padre-kino\/","title":{"rendered":"Nuevo Film Documental sobre el Padre Kino"},"content":{"rendered":"<p><\/p>\n<p style=\"text-align: justify;\"><img loading=\"lazy\" class=\"aligncenter\" src=\"http:\/\/www.padrekino.org\/wp-content\/uploads\/2017\/05\/AuroraVision-1-300x258.png\" width=\"180\" height=\"156\" \/><\/p>\n<p style=\"text-align: justify;\"><span style=\"color: #0000ff;\">AURORA VISION<\/span> es un centro de producci\u00f3n de cine, documental, formato de televisi\u00f3n, reportaje, conocido en el mundo de los medios de contenido social.<\/p>\n<p style=\"text-align: justify;\">El martes, 16 de mayo, Aurora Vision comenzar\u00e1 un rodaje de 8 d\u00edas entre Arizona y Sonora de un documental sobre el Padre Kino y su legado moderno.<br \/>\n<a href=\"http:\/\/www.padrekino.org\/wp-content\/uploads\/2017\/05\/aurora_2.jpg\"><img loading=\"lazy\" class=\"size-medium wp-image-3199 alignleft\" src=\"http:\/\/www.padrekino.org\/wp-content\/uploads\/2017\/05\/aurora_2-300x125.jpg\" alt=\"\" width=\"300\" height=\"125\" srcset=\"https:\/\/www.padrekino.org\/wp-content\/uploads\/2017\/05\/aurora_2-300x125.jpg 300w, https:\/\/www.padrekino.org\/wp-content\/uploads\/2017\/05\/aurora_2.jpg 753w\" sizes=\"(max-width: 300px) 100vw, 300px\" \/><\/a>Los documentales de Aurora Vision cuentan historias de personas de buena voluntad que trabajan alrededor del mundo para el vecino, creando paz, justicia social y esperanza. Muchas pel\u00edculas muestran c\u00f3mo las personas de diferentes religiones pueden promover la comprensi\u00f3n humana y la solidaridad. Otras pel\u00edculas de Aurora documentan la vida de los alpinistas y campeones deportivos, as\u00ed como la de un samurai del siglo XVI titulado \u00abUkon &#8211; el Samurai\u00bb, premiado en 2017 como \u00abBest Historical\/Biographic\u00a0Documentary\u00bb \u00a0en el Star Doc Fest de Los \u00c1ngeles .<\/p>\n<p><a href=\"http:\/\/www.padrekino.org\/wp-content\/uploads\/2017\/05\/aurora_3.jpg\"><img loading=\"lazy\" class=\"size-medium wp-image-3202 aligncenter\" src=\"http:\/\/www.padrekino.org\/wp-content\/uploads\/2017\/05\/aurora_3-212x300.jpg\" alt=\"\" width=\"212\" height=\"300\" srcset=\"https:\/\/www.padrekino.org\/wp-content\/uploads\/2017\/05\/aurora_3-212x300.jpg 212w, https:\/\/www.padrekino.org\/wp-content\/uploads\/2017\/05\/aurora_3.jpg 679w\" sizes=\"(max-width: 212px) 100vw, 212px\" \/><\/a><\/p>\n<p><a href=\"http:\/\/auroravision.it\/\">http:\/\/auroravision.it\/<\/a><\/p>","protected":false},"excerpt":{"rendered":"<p>AURORA VISION es un centro de producci\u00f3n de cine, documental, formato de televisi\u00f3n, reportaje, conocido en el mundo de los medios de contenido social. El martes, 16 de mayo, Aurora Vision comenzar\u00e1 un rodaje de 8 d\u00edas entre Arizona y Sonora de un documental sobre el Padre Kino y su legado moderno. Los documentales de [&hellip;]<\/p>\n","protected":false},"author":3,"featured_media":0,"comment_status":"closed","ping_status":"closed","sticky":false,"template":"","format":"standard","meta":[],"categories":[1],"tags":[],"yoast_head":"<!-- This site is optimized with the Yoast SEO plugin v15.5 - https:\/\/yoast.com\/wordpress\/plugins\/seo\/ -->\n<title>Nuevo Film Documental sobre el Padre Kino - Padre Kino<\/title>\n<meta name=\"robots\" content=\"index, follow, max-snippet:-1, max-image-preview:large, max-video-preview:-1\" \/>\n<link rel=\"canonical\" href=\"http:\/\/www.padrekino.org\/en\/nuevo-film-documental-sobre-el-padre-kino\/\" \/>\n<meta property=\"og:locale\" content=\"es_ES\" \/>\n<meta property=\"og:type\" content=\"article\" \/>\n<meta property=\"og:title\" content=\"Nuevo Film Documental sobre el Padre Kino - Padre Kino\" \/>\n<meta property=\"og:description\" content=\"AURORA VISION es un centro de producci\u00f3n de cine, documental, formato de televisi\u00f3n, reportaje, conocido en el mundo de los medios de contenido social. El martes, 16 de mayo, Aurora Vision comenzar\u00e1 un rodaje de 8 d\u00edas entre Arizona y Sonora de un documental sobre el Padre Kino y su legado moderno. Los documentales de [&hellip;]\" \/>\n<meta property=\"og:url\" content=\"http:\/\/www.padrekino.org\/en\/nuevo-film-documental-sobre-el-padre-kino\/\" \/>\n<meta property=\"og:site_name\" content=\"Padre Kino\" \/>\n<meta property=\"article:published_time\" content=\"2017-05-15T12:01:00+00:00\" \/>\n<meta property=\"article:modified_time\" content=\"2017-05-16T10:13:06+00:00\" \/>\n<meta property=\"og:image\" content=\"http:\/\/www.padrekino.org\/wp-content\/uploads\/2017\/05\/AuroraVision-1-300x258.png\" \/>\n<meta name=\"twitter:card\" content=\"summary\" \/>\n<meta name=\"twitter:label1\" content=\"Tiempo de lectura\">\n\t<meta name=\"twitter:data1\" content=\"2 minutos\">\n<script type=\"application\/ld+json\" class=\"yoast-schema-graph\">{\"@context\":\"https:\/\/schema.org\",\"@graph\":[{\"@type\":\"WebSite\",\"@id\":\"http:\/\/www.padrekino.org\/de\/#website\",\"url\":\"http:\/\/www.padrekino.org\/de\/\",\"name\":\"Padre Kino\",\"description\":\"Padre a Cavallo\",\"potentialAction\":[{\"@type\":\"SearchAction\",\"target\":\"http:\/\/www.padrekino.org\/de\/?s={search_term_string}\",\"query-input\":\"required name=search_term_string\"}],\"inLanguage\":\"es\"},{\"@type\":\"ImageObject\",\"@id\":\"http:\/\/www.padrekino.org\/en\/nuevo-film-documental-sobre-el-padre-kino\/#primaryimage\",\"inLanguage\":\"es\",\"url\":\"http:\/\/www.padrekino.org\/wp-content\/uploads\/2017\/05\/AuroraVision-1-300x258.png\"},{\"@type\":\"WebPage\",\"@id\":\"http:\/\/www.padrekino.org\/en\/nuevo-film-documental-sobre-el-padre-kino\/#webpage\",\"url\":\"http:\/\/www.padrekino.org\/en\/nuevo-film-documental-sobre-el-padre-kino\/\",\"name\":\"Nuevo Film Documental sobre el Padre Kino - Padre Kino\",\"isPartOf\":{\"@id\":\"http:\/\/www.padrekino.org\/de\/#website\"},\"primaryImageOfPage\":{\"@id\":\"http:\/\/www.padrekino.org\/en\/nuevo-film-documental-sobre-el-padre-kino\/#primaryimage\"},\"datePublished\":\"2017-05-15T12:01:00+00:00\",\"dateModified\":\"2017-05-16T10:13:06+00:00\",\"author\":{\"@id\":\"http:\/\/www.padrekino.org\/de\/#\/schema\/person\/07a72e085e65feb481ecb3fc192df47a\"},\"inLanguage\":\"es\",\"potentialAction\":[{\"@type\":\"ReadAction\",\"target\":[\"http:\/\/www.padrekino.org\/en\/nuevo-film-documental-sobre-el-padre-kino\/\"]}]},{\"@type\":\"Person\",\"@id\":\"http:\/\/www.padrekino.org\/de\/#\/schema\/person\/07a72e085e65feb481ecb3fc192df47a\",\"name\":\"KinoOrg\"}]}<\/script>\n<!-- \/ Yoast SEO plugin. -->","_links":{"self":[{"href":"https:\/\/www.padrekino.org\/es\/wp-json\/wp\/v2\/posts\/3192"}],"collection":[{"href":"https:\/\/www.padrekino.org\/es\/wp-json\/wp\/v2\/posts"}],"about":[{"href":"https:\/\/www.padrekino.org\/es\/wp-json\/wp\/v2\/types\/post"}],"author":[{"embeddable":true,"href":"https:\/\/www.padrekino.org\/es\/wp-json\/wp\/v2\/users\/3"}],"replies":[{"embeddable":true,"href":"https:\/\/www.padrekino.org\/es\/wp-json\/wp\/v2\/comments?post=3192"}],"version-history":[{"count":0,"href":"https:\/\/www.padrekino.org\/es\/wp-json\/wp\/v2\/posts\/3192\/revisions"}],"wp:attachment":[{"href":"https:\/\/www.padrekino.org\/es\/wp-json\/wp\/v2\/media?parent=3192"}],"wp:term":[{"taxonomy":"category","embeddable":true,"href":"https:\/\/www.padrekino.org\/es\/wp-json\/wp\/v2\/categories?post=3192"},{"taxonomy":"post_tag","embeddable":true,"href":"https:\/\/www.padrekino.org\/es\/wp-json\/wp\/v2\/tags?post=3192"}],"curies":[{"name":"wp","href":"https:\/\/api.w.org\/{rel}","templated":true}]}}