{"id":3545,"date":"2017-12-01T17:00:40","date_gmt":"2017-12-01T16:00:40","guid":{"rendered":"http:\/\/www.padrekino.org\/?p=3545"},"modified":"2017-12-03T17:44:10","modified_gmt":"2017-12-03T16:44:10","slug":"5-dicembre-2017-del-film-documentario-padre-kino","status":"publish","type":"post","link":"https:\/\/www.padrekino.org\/es\/5-dicembre-2017-del-film-documentario-padre-kino\/","title":{"rendered":"(Italiano) 5 dicembre 2017 &#8211; Prima del film Documentario su Padre Kino &#8211; Invito"},"content":{"rendered":"<p class=\"qtranxs-available-languages-message qtranxs-available-languages-message-es\">Disculpa, pero esta entrada est\u00e1 disponible s\u00f3lo en <a href=\"https:\/\/www.padrekino.org\/it\/wp-json\/wp\/v2\/posts\/3545\" class=\"qtranxs-available-language-link qtranxs-available-language-link-it\" title=\"Italiano\">Italiano<\/a> y <a href=\"https:\/\/www.padrekino.org\/en\/wp-json\/wp\/v2\/posts\/3545\" class=\"qtranxs-available-language-link qtranxs-available-language-link-en\" title=\"English\">Ingl\u00e9s Estadounidense<\/a>.<\/p>","protected":false},"excerpt":{"rendered":"<p>Disculpa, pero esta entrada est\u00e1 disponible s\u00f3lo en Italiano y Ingl\u00e9s Estadounidense.<\/p>\n","protected":false},"author":3,"featured_media":0,"comment_status":"closed","ping_status":"closed","sticky":false,"template":"","format":"standard","meta":[],"categories":[1],"tags":[],"yoast_head":"<!-- This site is optimized with the Yoast SEO plugin v15.5 - https:\/\/yoast.com\/wordpress\/plugins\/seo\/ -->\n<title>(Italiano) 5 dicembre 2017 - Prima del film Documentario su Padre Kino - Invito - Padre Kino<\/title>\n<meta name=\"robots\" content=\"index, follow, max-snippet:-1, max-image-preview:large, max-video-preview:-1\" \/>\n<link rel=\"canonical\" href=\"https:\/\/www.padrekino.org\/5-dicembre-2017-del-film-documentario-padre-kino\/\" \/>\n<meta property=\"og:locale\" content=\"es_ES\" \/>\n<meta property=\"og:type\" content=\"article\" \/>\n<meta property=\"og:title\" content=\"(Italiano) 5 dicembre 2017 - Prima del film Documentario su Padre Kino - Invito - Padre Kino\" \/>\n<meta property=\"og:description\" content=\"Disculpa, pero esta entrada est\u00e1 disponible s\u00f3lo en Italiano y Ingl\u00e9s Estadounidense.\" \/>\n<meta property=\"og:url\" content=\"https:\/\/www.padrekino.org\/5-dicembre-2017-del-film-documentario-padre-kino\/\" \/>\n<meta property=\"og:site_name\" content=\"Padre Kino\" \/>\n<meta property=\"article:published_time\" content=\"2017-12-01T16:00:40+00:00\" \/>\n<meta property=\"article:modified_time\" content=\"2017-12-03T16:44:10+00:00\" \/>\n<meta name=\"twitter:card\" content=\"summary\" \/>\n<meta name=\"twitter:label1\" content=\"Tiempo de lectura\">\n\t<meta name=\"twitter:data1\" content=\"2 minutos\">\n<script type=\"application\/ld+json\" class=\"yoast-schema-graph\">{\"@context\":\"https:\/\/schema.org\",\"@graph\":[{\"@type\":\"WebSite\",\"@id\":\"http:\/\/www.padrekino.org\/de\/#website\",\"url\":\"http:\/\/www.padrekino.org\/de\/\",\"name\":\"Padre Kino\",\"description\":\"Padre a Cavallo\",\"potentialAction\":[{\"@type\":\"SearchAction\",\"target\":\"http:\/\/www.padrekino.org\/de\/?s={search_term_string}\",\"query-input\":\"required name=search_term_string\"}],\"inLanguage\":\"es\"},{\"@type\":\"ImageObject\",\"@id\":\"https:\/\/www.padrekino.org\/5-dicembre-2017-del-film-documentario-padre-kino\/#primaryimage\",\"inLanguage\":\"es\",\"url\":\"http:\/\/www.padrekino.org\/wp-content\/uploads\/2017\/11\/aurora-vision-212x300.jpg\"},{\"@type\":\"WebPage\",\"@id\":\"https:\/\/www.padrekino.org\/5-dicembre-2017-del-film-documentario-padre-kino\/#webpage\",\"url\":\"https:\/\/www.padrekino.org\/5-dicembre-2017-del-film-documentario-padre-kino\/\",\"name\":\"(Italiano) 5 dicembre 2017 - Prima del film Documentario su Padre Kino - Invito - Padre Kino\",\"isPartOf\":{\"@id\":\"http:\/\/www.padrekino.org\/de\/#website\"},\"primaryImageOfPage\":{\"@id\":\"https:\/\/www.padrekino.org\/5-dicembre-2017-del-film-documentario-padre-kino\/#primaryimage\"},\"datePublished\":\"2017-12-01T16:00:40+00:00\",\"dateModified\":\"2017-12-03T16:44:10+00:00\",\"author\":{\"@id\":\"http:\/\/www.padrekino.org\/de\/#\/schema\/person\/07a72e085e65feb481ecb3fc192df47a\"},\"inLanguage\":\"es\",\"potentialAction\":[{\"@type\":\"ReadAction\",\"target\":[\"https:\/\/www.padrekino.org\/5-dicembre-2017-del-film-documentario-padre-kino\/\"]}]},{\"@type\":\"Person\",\"@id\":\"http:\/\/www.padrekino.org\/de\/#\/schema\/person\/07a72e085e65feb481ecb3fc192df47a\",\"name\":\"KinoOrg\"}]}<\/script>\n<!-- \/ Yoast SEO plugin. -->","_links":{"self":[{"href":"https:\/\/www.padrekino.org\/es\/wp-json\/wp\/v2\/posts\/3545"}],"collection":[{"href":"https:\/\/www.padrekino.org\/es\/wp-json\/wp\/v2\/posts"}],"about":[{"href":"https:\/\/www.padrekino.org\/es\/wp-json\/wp\/v2\/types\/post"}],"author":[{"embeddable":true,"href":"https:\/\/www.padrekino.org\/es\/wp-json\/wp\/v2\/users\/3"}],"replies":[{"embeddable":true,"href":"https:\/\/www.padrekino.org\/es\/wp-json\/wp\/v2\/comments?post=3545"}],"version-history":[{"count":0,"href":"https:\/\/www.padrekino.org\/es\/wp-json\/wp\/v2\/posts\/3545\/revisions"}],"wp:attachment":[{"href":"https:\/\/www.padrekino.org\/es\/wp-json\/wp\/v2\/media?parent=3545"}],"wp:term":[{"taxonomy":"category","embeddable":true,"href":"https:\/\/www.padrekino.org\/es\/wp-json\/wp\/v2\/categories?post=3545"},{"taxonomy":"post_tag","embeddable":true,"href":"https:\/\/www.padrekino.org\/es\/wp-json\/wp\/v2\/tags?post=3545"}],"curies":[{"name":"wp","href":"https:\/\/api.w.org\/{rel}","templated":true}]}}