{"id":3845,"date":"2018-03-17T11:26:11","date_gmt":"2018-03-17T10:26:11","guid":{"rendered":"http:\/\/www.padrekino.org\/?p=3845"},"modified":"2018-03-17T15:50:25","modified_gmt":"2018-03-17T14:50:25","slug":"san-luis-rio-colorado-le-celebrazioni-del-15-marzo-onore-padre-kino","status":"publish","type":"post","link":"https:\/\/www.padrekino.org\/es\/san-luis-rio-colorado-le-celebrazioni-del-15-marzo-onore-padre-kino\/","title":{"rendered":"San Luis R\u00edo Colorado-Las celebraciones del 15 de marzo en honor del Padre Kino"},"content":{"rendered":"<p>Del peri\u00f3dico local \u00abTribuna de san Luis\u00bb\u00a0<a href=\"https:\/\/www.tribunadesanluis.com.mx\/\">https:\/\/www.tribunadesanluis.com.mx\/<\/a><\/p>\n<h4>Conferencia sobre legado de Kino<\/h4>\n<p><span style=\"color: #0000ff;\">De\u00a0Gloria Negrete, Viernes 16 de marzo de 2018\u00a0<\/span><br \/>\n<span style=\"color: #0000ff;\">Foto de Victor Felix<br \/>\n<\/span><\/p>\n<hr \/>\n<p style=\"text-align: justify;\"><a href=\"http:\/\/www.padrekino.org\/wp-content\/uploads\/2018\/03\/san_luis_1.jpg\"><img loading=\"lazy\" class=\"size-medium wp-image-3846 alignleft\" src=\"http:\/\/www.padrekino.org\/wp-content\/uploads\/2018\/03\/san_luis_1-300x200.jpg\" alt=\"\" width=\"300\" height=\"200\" srcset=\"https:\/\/www.padrekino.org\/wp-content\/uploads\/2018\/03\/san_luis_1-300x200.jpg 300w, https:\/\/www.padrekino.org\/wp-content\/uploads\/2018\/03\/san_luis_1.jpg 599w\" sizes=\"(max-width: 300px) 100vw, 300px\" \/><\/a>Alumnos del Colegio Kino de San Luis conocieron m\u00e1s acerca del Padre Francisco Eusebio Kino, al asistir a una conferencia impartida por Carlos Lazcano Sahag\u00fan, al festejarse 307 a\u00f1os de la muerte del explorador y misionero.<br \/>\nCarlos Lazcano dijo al grupo de estudiantes de primaria que es importante conocer nuestras ra\u00edces, saber de d\u00f3nde surgimos como pueblo, y Kino tuvo influenza en el nacimiento de esta regi\u00f3n.<br \/>\nLos ni\u00f1os y las ni\u00f1as prestaron atenci\u00f3n al relato de Lazcano Sahag\u00fan, quien de una manera amena platic\u00f3 la vida de Kino.<br \/>\nA la conferencia asistieron el escritor Manuel Cuen Gamboa, el padre Germ\u00e1n Orozco Mora y la directora del Colegio Kino, Indelisa Pe\u00f1a Ruelas, entre otras personalidades.<\/p>\n<p style=\"text-align: justify;\">EVANGELIZACI\u00d3N<br \/>\n<a href=\"http:\/\/www.padrekino.org\/wp-content\/uploads\/2018\/03\/san_luis_2.jpg\"><img loading=\"lazy\" class=\"size-medium wp-image-3847 alignleft\" src=\"http:\/\/www.padrekino.org\/wp-content\/uploads\/2018\/03\/san_luis_2-300x200.jpg\" alt=\"\" width=\"300\" height=\"200\" srcset=\"https:\/\/www.padrekino.org\/wp-content\/uploads\/2018\/03\/san_luis_2-300x200.jpg 300w, https:\/\/www.padrekino.org\/wp-content\/uploads\/2018\/03\/san_luis_2.jpg 600w\" sizes=\"(max-width: 300px) 100vw, 300px\" \/><\/a>Francisco Eusebio Kino dedic\u00f3 su vida a la evangelizaci\u00f3n de los pueblos ind\u00edgenas y explor\u00f3 el territorio de los r\u00edos Magdalena y Gila, y el Colorado, demostrando que la Baja California era una pen\u00ednsula.<br \/>\nCont\u00f3 que el padre Kino naci\u00f3 en 1645 en Italia y muri\u00f3 en 1711 en Magdalena, Sonora. Fue explorador y misionero jesuita italiano, conocido tambi\u00e9n como el padre Kino. Ingres\u00f3 en la Compa\u00f1\u00eda de Jes\u00fas y viaj\u00f3 por las misiones de Oriente. Fue enviado por el virrey de Nueva Espa\u00f1a en la expedici\u00f3n de Isidoro de Atondo a California (1683-84) y particip\u00f3 en m\u00e1s de 40 expediciones por la Baja California, Sonora y Sinaloa y Arizona.<br \/>\nCarlos Lazcano expuso que cuando el padre Kino estaba en la secundaria tuvo una enfermedad que lo puso al borde de la muerte por lo que se encomend\u00f3 a San Francisco Javier, a quien prometi\u00f3 que se si se curaba se iba a volver misionero, de ah\u00ed que decidi\u00f3 entrar como sacerdote, iniciado estudios en colegios jesuitas.<br \/>\nKino lleg\u00f3 a M\u00e9xico alrededor de 1653, y a esta regi\u00f3n arriba en 1983, dedic\u00e1ndose a civilizar a los habitantes y evangelizar.<br \/>\nEl conferencista resalt\u00f3 que en la Misi\u00f3n \u201cNuestra se\u00f1ora de Guadalupe de las Californias\u201d, en la Bah\u00eda de la Paz, al sur de Baja California, Eusebio Kino se estren\u00f3 como misionero.<\/p>\n<hr \/>\n<p>[Best_Wordpress_Gallery id=\u00bb94&#8243; gal_title=\u00bbRio San Luis Colorado\u00bb]<\/p>\n<hr \/>\n<p style=\"text-align: center;\"><span style=\"color: #0000ff;\">El art\u00edculo en el peri\u00f3dico local<\/span><\/p>\n<blockquote class=\"wp-embedded-content\" data-secret=\"a2lOYM3BSR\"><p><a href=\"https:\/\/www.tribunadesanluis.com.mx\/local\/conferencia-sobre-legado-de-kino\">Conferencia sobre legado de Kino<\/a><\/p><\/blockquote>\n<p><iframe class=\"wp-embedded-content\" sandbox=\"allow-scripts\" security=\"restricted\" style=\"position: absolute; clip: rect(1px, 1px, 1px, 1px);\" src=\"https:\/\/www.tribunadesanluis.com.mx\/local\/conferencia-sobre-legado-de-kino\/embed#?secret=a2lOYM3BSR\" data-secret=\"a2lOYM3BSR\" width=\"600\" height=\"338\" title=\"&#8220;Conferencia sobre legado de Kino&#8221; &#8212; Tribuna de San Luis\" frameborder=\"0\" marginwidth=\"0\" marginheight=\"0\" scrolling=\"no\"><\/iframe><\/p>\n<p>&nbsp;<\/p>","protected":false},"excerpt":{"rendered":"<p>Del peri\u00f3dico local \u00abTribuna de san Luis\u00bb\u00a0https:\/\/www.tribunadesanluis.com.mx\/ Conferencia sobre legado de Kino De\u00a0Gloria Negrete, Viernes 16 de marzo de 2018\u00a0 Foto de Victor Felix Alumnos del Colegio Kino de San Luis conocieron m\u00e1s acerca del Padre Francisco Eusebio Kino, al asistir a una conferencia impartida por Carlos Lazcano Sahag\u00fan, al festejarse 307 a\u00f1os de la [&hellip;]<\/p>\n","protected":false},"author":3,"featured_media":0,"comment_status":"closed","ping_status":"closed","sticky":false,"template":"","format":"standard","meta":[],"categories":[1],"tags":[],"yoast_head":"<!-- This site is optimized with the Yoast SEO plugin v15.5 - https:\/\/yoast.com\/wordpress\/plugins\/seo\/ -->\n<title>San Luis R\u00edo Colorado-Las celebraciones del 15 de marzo en honor del Padre Kino - Padre Kino<\/title>\n<meta name=\"robots\" content=\"index, follow, max-snippet:-1, max-image-preview:large, max-video-preview:-1\" \/>\n<link rel=\"canonical\" href=\"http:\/\/www.padrekino.org\/en\/san-luis-rio-colorado-le-celebrazioni-del-15-marzo-onore-padre-kino\/\" \/>\n<meta property=\"og:locale\" content=\"es_ES\" \/>\n<meta property=\"og:type\" content=\"article\" \/>\n<meta property=\"og:title\" content=\"San Luis R\u00edo Colorado-Las celebraciones del 15 de marzo en honor del Padre Kino - Padre Kino\" \/>\n<meta property=\"og:description\" content=\"Del peri\u00f3dico local \u00abTribuna de san Luis\u00bb\u00a0https:\/\/www.tribunadesanluis.com.mx\/ Conferencia sobre legado de Kino De\u00a0Gloria Negrete, Viernes 16 de marzo de 2018\u00a0 Foto de Victor Felix Alumnos del Colegio Kino de San Luis conocieron m\u00e1s acerca del Padre Francisco Eusebio Kino, al asistir a una conferencia impartida por Carlos Lazcano Sahag\u00fan, al festejarse 307 a\u00f1os de la [&hellip;]\" \/>\n<meta property=\"og:url\" content=\"http:\/\/www.padrekino.org\/en\/san-luis-rio-colorado-le-celebrazioni-del-15-marzo-onore-padre-kino\/\" \/>\n<meta property=\"og:site_name\" content=\"Padre Kino\" \/>\n<meta property=\"article:published_time\" content=\"2018-03-17T10:26:11+00:00\" \/>\n<meta property=\"article:modified_time\" content=\"2018-03-17T14:50:25+00:00\" \/>\n<meta property=\"og:image\" content=\"http:\/\/www.padrekino.org\/wp-content\/uploads\/2018\/03\/san_luis_1-300x200.jpg\" \/>\n<meta name=\"twitter:card\" content=\"summary\" \/>\n<meta name=\"twitter:label1\" content=\"Tiempo de lectura\">\n\t<meta name=\"twitter:data1\" content=\"3 minutos\">\n<script type=\"application\/ld+json\" class=\"yoast-schema-graph\">{\"@context\":\"https:\/\/schema.org\",\"@graph\":[{\"@type\":\"WebSite\",\"@id\":\"http:\/\/www.padrekino.org\/de\/#website\",\"url\":\"http:\/\/www.padrekino.org\/de\/\",\"name\":\"Padre Kino\",\"description\":\"Padre a Cavallo\",\"potentialAction\":[{\"@type\":\"SearchAction\",\"target\":\"http:\/\/www.padrekino.org\/de\/?s={search_term_string}\",\"query-input\":\"required name=search_term_string\"}],\"inLanguage\":\"es\"},{\"@type\":\"ImageObject\",\"@id\":\"http:\/\/www.padrekino.org\/en\/san-luis-rio-colorado-le-celebrazioni-del-15-marzo-onore-padre-kino\/#primaryimage\",\"inLanguage\":\"es\",\"url\":\"http:\/\/www.padrekino.org\/wp-content\/uploads\/2018\/03\/san_luis_1-300x200.jpg\"},{\"@type\":\"WebPage\",\"@id\":\"http:\/\/www.padrekino.org\/en\/san-luis-rio-colorado-le-celebrazioni-del-15-marzo-onore-padre-kino\/#webpage\",\"url\":\"http:\/\/www.padrekino.org\/en\/san-luis-rio-colorado-le-celebrazioni-del-15-marzo-onore-padre-kino\/\",\"name\":\"San Luis R\\u00edo Colorado-Las celebraciones del 15 de marzo en honor del Padre Kino - Padre Kino\",\"isPartOf\":{\"@id\":\"http:\/\/www.padrekino.org\/de\/#website\"},\"primaryImageOfPage\":{\"@id\":\"http:\/\/www.padrekino.org\/en\/san-luis-rio-colorado-le-celebrazioni-del-15-marzo-onore-padre-kino\/#primaryimage\"},\"datePublished\":\"2018-03-17T10:26:11+00:00\",\"dateModified\":\"2018-03-17T14:50:25+00:00\",\"author\":{\"@id\":\"http:\/\/www.padrekino.org\/de\/#\/schema\/person\/07a72e085e65feb481ecb3fc192df47a\"},\"inLanguage\":\"es\",\"potentialAction\":[{\"@type\":\"ReadAction\",\"target\":[\"http:\/\/www.padrekino.org\/en\/san-luis-rio-colorado-le-celebrazioni-del-15-marzo-onore-padre-kino\/\"]}]},{\"@type\":\"Person\",\"@id\":\"http:\/\/www.padrekino.org\/de\/#\/schema\/person\/07a72e085e65feb481ecb3fc192df47a\",\"name\":\"KinoOrg\"}]}<\/script>\n<!-- \/ Yoast SEO plugin. -->","_links":{"self":[{"href":"https:\/\/www.padrekino.org\/es\/wp-json\/wp\/v2\/posts\/3845"}],"collection":[{"href":"https:\/\/www.padrekino.org\/es\/wp-json\/wp\/v2\/posts"}],"about":[{"href":"https:\/\/www.padrekino.org\/es\/wp-json\/wp\/v2\/types\/post"}],"author":[{"embeddable":true,"href":"https:\/\/www.padrekino.org\/es\/wp-json\/wp\/v2\/users\/3"}],"replies":[{"embeddable":true,"href":"https:\/\/www.padrekino.org\/es\/wp-json\/wp\/v2\/comments?post=3845"}],"version-history":[{"count":0,"href":"https:\/\/www.padrekino.org\/es\/wp-json\/wp\/v2\/posts\/3845\/revisions"}],"wp:attachment":[{"href":"https:\/\/www.padrekino.org\/es\/wp-json\/wp\/v2\/media?parent=3845"}],"wp:term":[{"taxonomy":"category","embeddable":true,"href":"https:\/\/www.padrekino.org\/es\/wp-json\/wp\/v2\/categories?post=3845"},{"taxonomy":"post_tag","embeddable":true,"href":"https:\/\/www.padrekino.org\/es\/wp-json\/wp\/v2\/tags?post=3845"}],"curies":[{"name":"wp","href":"https:\/\/api.w.org\/{rel}","templated":true}]}}